{"id":16787,"date":"2015-12-09T09:37:10","date_gmt":"2015-12-09T12:37:10","guid":{"rendered":"https:\/\/ocorreionews.com.br\/?p=16787"},"modified":"2015-12-09T09:37:10","modified_gmt":"2015-12-09T12:37:10","slug":"2o-passeio-ciclistico-ecologico-e-1a-corrida-circuito-serao-realizados-neste-fim-de-semana-em-costa-rica","status":"publish","type":"post","link":"https:\/\/www.ocorreionews.com.br\/acervo-correio\/?p=16787","title":{"rendered":"2\u00ba Passeio Cicl\u00edstico Ecol\u00f3gico e 1\u00aa Corrida Circuito ser\u00e3o realizados neste fim de semana em Costa Rica"},"content":{"rendered":"<p><a href=\"https:\/\/ocorreionews.com.br\/wp-content\/uploads\/2015\/12\/2-passeio-ciclistico-ecologico.jpg\" rel=\"attachment wp-att-16790\"><img loading=\"lazy\" decoding=\"async\" class=\"alignnone wp-image-16790 size-full\" src=\"https:\/\/ocorreionews.com.br\/wp-content\/uploads\/2015\/12\/2-passeio-ciclistico-ecologico.jpg\" alt=\"2-passeio-ciclistico-ecologico\" width=\"660\" height=\"450\" srcset=\"https:\/\/www.ocorreionews.com.br\/acervo-correio\/wp-content\/uploads\/2015\/12\/2-passeio-ciclistico-ecologico.jpg 660w, https:\/\/www.ocorreionews.com.br\/acervo-correio\/wp-content\/uploads\/2015\/12\/2-passeio-ciclistico-ecologico-300x205.jpg 300w\" sizes=\"auto, (max-width: 660px) 100vw, 660px\" \/><\/a><\/p>\n<p>No dia 13 deste m\u00eas ser\u00e1 realizado em Costa Rica o 2\u00ba Passeio Cicl\u00edstico Ecol\u00f3gico 2015 e a 1\u00aa Corrida Circuito.<\/p>\n<p>O objetivo do evento \u00e9 divulgar os pontos tur\u00edsticos que a cidade possui, mostrar que a cidade de Costa Rica possui meio de transporte n\u00e3o poluente e promover um esporte que traz sa\u00fade aos participantes.<\/p>\n<p>J\u00e1 tem confirmadas ciclistas de Itaj\u00e1, Cassil\u00e2ndia, Chapad\u00e3o do Sul, Chapad\u00e3o do C\u00e9u, Mineiros, Alto Taquari, Alcin\u00f3polis, Para\u00edso das \u00c1guas, Campo Grande e Cuiab\u00e1.<\/p>\n<p>O Passeio Cicl\u00edstico ser\u00e1 realizado com sa\u00edda \u00e1s 7h em um percurso de 30 quil\u00f4metros. A sa\u00edda ser\u00e1 no Parque Ecol\u00f3gico Vilibaldo Rodrigues com uma parada no Parque Natural Municipal da Laje e o retorno no Parque Ecol\u00f3gico Vilibaldo Rodrigues.<\/p>\n<p>O valor da inscri\u00e7\u00e3o \u00e9 R$ 45. Neste valor est\u00e1 incluso o caf\u00e9 da manh\u00e3 antes da sa\u00edda, a hidrata\u00e7\u00e3o durante o percurso, um lanche na parada na laje e um lanche no t\u00e9rmino do passeio. Os organizadores pedem para que os participantes cheguem \u00e1s 6h para dar tempo de comer e se preparar.<\/p>\n<p>Haver\u00e1 camiseta para as primeiras 60 inscri\u00e7\u00f5es e placa bike para os primeiros 80 inscritos. Al\u00e9m de sorteio de brindes na chegada.<\/p>\n<p>Durante o percurso haver\u00e1 uma ambul\u00e2ncia de prontid\u00e3o para atender aos participantes e um caminh\u00e3o de apoio.<\/p>\n<p>A cidade de Costa Rica possui um grupo de ciclistas com cerca de 20 integrantes que participam de competi\u00e7\u00f5es dentro e fora do estado e passeios que promovem uni\u00e3o e sa\u00fade. O grupo est\u00e1 aberto para receber novos integrantes.<\/p>\n<p>J\u00e1 no hor\u00e1rio de 12h30 ser\u00e1 realizada a 1\u00aa Corrida Circuito. O percurso ser\u00e1 de 1.700 metros no Parque Ecol\u00f3gico Vilibaldo Rodrigues Garcia com poss\u00edvel altera\u00e7\u00e3o.<\/p>\n<p>Os participantes podem escolher entre cinco categorias:<\/p>\n<p>Elite \u2013 Livre<\/p>\n<p>Feminino \u2013 Livre<\/p>\n<p>Amador \u2013 Livre<\/p>\n<p>Master Over \u2013 45 anos acima<\/p>\n<p>Sub-17 J\u00fanior<\/p>\n<p>Do 1\u00ba ao 3\u00ba lugar ganhar\u00e1 premia\u00e7\u00e3o em dinheiro e trof\u00e9u, j\u00e1 o 4\u00ba e 5\u00ba lugar ganha trof\u00e9u.<\/p>\n<p><strong>A inscri\u00e7\u00e3o separada de cada esporte \u00e9 R$ 45, mas quem fazer inscri\u00e7\u00e3o para as duas modalidades paga R$ 60.<\/strong><\/p>\n<p>Aos participantes vale lembrar que o protetor solar \u00e9 indispens\u00e1vel.<\/p>\n<p>Toda a renda ser\u00e1 revertida para a compra de brinquedos para as crian\u00e7as da cidade e todo alimento que sobrar do evento ser\u00e1 doado ao Lar dos Idosos.<\/p>\n<p><strong>Locais de inscri\u00e7\u00e3o: <\/strong>Bicicletaria Ciclo Bike e Bicicletaria do Tuf\u00e3o.<\/p>\n<p><strong>Informa\u00e7\u00f5es: <\/strong>(67) 9603-6689 &#8211; Fabiano ou (64) 9612-9811 \u2013 C\u00e9lio Bike.<\/p>\n<p>&nbsp;<\/p>\n<div class=\"clear\"><\/div>\n<div class=\"fonte\">Fonte: MS TODO DIA<\/div>\n","protected":false},"excerpt":{"rendered":"<p>No dia 13 deste m\u00eas ser\u00e1 realizado em Costa Rica o 2\u00ba Passeio Cicl\u00edstico Ecol\u00f3gico 2015 e a 1\u00aa Corrida Circuito. O objetivo do evento \u00e9 divulgar os pontos tur\u00edsticos que a cidade possui, mostrar que a cidade de Costa Rica possui meio de transporte n\u00e3o poluente e promover um esporte que traz sa\u00fade aos [&hellip;]<\/p>\n","protected":false},"author":4,"featured_media":16790,"comment_status":"closed","ping_status":"closed","sticky":false,"template":"","format":"standard","meta":{"footnotes":""},"categories":[25,29],"tags":[],"class_list":["post-16787","post","type-post","status-publish","format-standard","has-post-thumbnail","hentry","category-costa-rica","category-esporte"],"_links":{"self":[{"href":"https:\/\/www.ocorreionews.com.br\/acervo-correio\/index.php?rest_route=\/wp\/v2\/posts\/16787","targetHints":{"allow":["GET"]}}],"collection":[{"href":"https:\/\/www.ocorreionews.com.br\/acervo-correio\/index.php?rest_route=\/wp\/v2\/posts"}],"about":[{"href":"https:\/\/www.ocorreionews.com.br\/acervo-correio\/index.php?rest_route=\/wp\/v2\/types\/post"}],"author":[{"embeddable":true,"href":"https:\/\/www.ocorreionews.com.br\/acervo-correio\/index.php?rest_route=\/wp\/v2\/users\/4"}],"replies":[{"embeddable":true,"href":"https:\/\/www.ocorreionews.com.br\/acervo-correio\/index.php?rest_route=%2Fwp%2Fv2%2Fcomments&post=16787"}],"version-history":[{"count":0,"href":"https:\/\/www.ocorreionews.com.br\/acervo-correio\/index.php?rest_route=\/wp\/v2\/posts\/16787\/revisions"}],"wp:featuredmedia":[{"embeddable":true,"href":"https:\/\/www.ocorreionews.com.br\/acervo-correio\/index.php?rest_route=\/wp\/v2\/media\/16790"}],"wp:attachment":[{"href":"https:\/\/www.ocorreionews.com.br\/acervo-correio\/index.php?rest_route=%2Fwp%2Fv2%2Fmedia&parent=16787"}],"wp:term":[{"taxonomy":"category","embeddable":true,"href":"https:\/\/www.ocorreionews.com.br\/acervo-correio\/index.php?rest_route=%2Fwp%2Fv2%2Fcategories&post=16787"},{"taxonomy":"post_tag","embeddable":true,"href":"https:\/\/www.ocorreionews.com.br\/acervo-correio\/index.php?rest_route=%2Fwp%2Fv2%2Ftags&post=16787"}],"curies":[{"name":"wp","href":"https:\/\/api.w.org\/{rel}","templated":true}]}}