{"id":16792,"date":"2015-12-09T10:04:56","date_gmt":"2015-12-09T13:04:56","guid":{"rendered":"https:\/\/ocorreionews.com.br\/?p=16792"},"modified":"2015-12-09T10:04:56","modified_gmt":"2015-12-09T13:04:56","slug":"escola-cecilia-meireles-realizou-a-formatura-da-pre-escola","status":"publish","type":"post","link":"https:\/\/www.ocorreionews.com.br\/acervo-correio\/?p=16792","title":{"rendered":"Escola Cec\u00edlia Meireles realizou a formatura da Pr\u00e9-Escola"},"content":{"rendered":"<p>Em uma noite marcada pela alegria e a confraterniza\u00e7\u00e3o dos pais, alunos, professores e toda a comunidade escolar, a Escola Municipal Cec\u00edlia Mereles realizou a formatura da turma 2015 da Pr\u00e9-Escola. A formatura aconteceu nesta ter\u00e7a-feira, 08, no CTG \u2013 Cultivando a Tradi\u00e7\u00e3o e teve como tema o circo.<\/p>\n<p>Para os alunos, foi a comemora\u00e7\u00e3o do primeiro degrau em uma escalada, que com certeza os levar\u00e1 ao sucesso. \u201cEis aqui diante de n\u00f3s futuros professores, m\u00e9dicos, veterin\u00e1rios, artistas, jogadores e muitos mais&#8230; E \u00e9 neste momento que esses pequenos sonhos come\u00e7ar a tomar sua forma, prontos para aventurar-se em um mundo repleto de op\u00e7\u00f5es, pois todos chegaram aqui com muito esfor\u00e7o e dedica\u00e7\u00e3o\u201d, enfatizou a Escola no texto de abertura da formatura.<\/p>\n<p><img decoding=\"async\" src=\"http:\/\/www.chapadaodosul.ms.gov.br\/admin\/arquivos\/images\/1%288%29.jpg\" alt=\"\" \/><\/p>\n<p>Com um sorriso no rosto e muita felicidade, as crian\u00e7as fizeram o juramento, que merece ser destacado. Ele diz:<\/p>\n<p><em>\u201cEu prometo.<\/em><\/p>\n<p><em>Na hora de brincar, brincar<\/em><\/p>\n<p><em>Na hora de estudar, estudar<\/em><\/p>\n<p><em>Brincando ou estudando<\/em><\/p>\n<p><em>S\u00f3 coisas boas aprender!<\/em><\/p>\n<p><em>Prometo ainda<\/em><\/p>\n<p><em>Honrar meus pais, meus mestres<\/em><\/p>\n<p><em>E com a ajuda do meu anjinho da guarda<\/em><\/p>\n<p><em>Outro diploma \u00e0 minha fam\u00edlia oferecer.<\/em><\/p>\n<p>&nbsp;<\/p>\n<p>Participaram da festa e receberam o certificado de conclus\u00e3o do Pr\u00e9 II 56 alunos, divididos em 4 turmas \u2013 A, B, C, D.<\/p>\n<p>A noite foi marcada tamb\u00e9m por apresenta\u00e7\u00f5es culturais dos alunos e homenagens.<\/p>\n<p><img decoding=\"async\" src=\"http:\/\/www.chapadaodosul.ms.gov.br\/admin\/arquivos\/images\/3%283%29.jpg\" alt=\"\" \/><\/p>\n<p>&nbsp;<\/p>\n<p>Assecom &#8211; PMCS<\/p>\n","protected":false},"excerpt":{"rendered":"<p>Em uma noite marcada pela alegria e a confraterniza\u00e7\u00e3o dos pais, alunos, professores e toda a comunidade escolar, a Escola Municipal Cec\u00edlia Mereles realizou a formatura da turma 2015 da Pr\u00e9-Escola. A formatura aconteceu nesta ter\u00e7a-feira, 08, no CTG \u2013 Cultivando a Tradi\u00e7\u00e3o e teve como tema o circo. Para os alunos, foi a comemora\u00e7\u00e3o [&hellip;]<\/p>\n","protected":false},"author":4,"featured_media":16793,"comment_status":"closed","ping_status":"closed","sticky":false,"template":"","format":"standard","meta":{"footnotes":""},"categories":[23],"tags":[],"class_list":["post-16792","post","type-post","status-publish","format-standard","has-post-thumbnail","hentry","category-chapadao-do-sul"],"_links":{"self":[{"href":"https:\/\/www.ocorreionews.com.br\/acervo-correio\/index.php?rest_route=\/wp\/v2\/posts\/16792","targetHints":{"allow":["GET"]}}],"collection":[{"href":"https:\/\/www.ocorreionews.com.br\/acervo-correio\/index.php?rest_route=\/wp\/v2\/posts"}],"about":[{"href":"https:\/\/www.ocorreionews.com.br\/acervo-correio\/index.php?rest_route=\/wp\/v2\/types\/post"}],"author":[{"embeddable":true,"href":"https:\/\/www.ocorreionews.com.br\/acervo-correio\/index.php?rest_route=\/wp\/v2\/users\/4"}],"replies":[{"embeddable":true,"href":"https:\/\/www.ocorreionews.com.br\/acervo-correio\/index.php?rest_route=%2Fwp%2Fv2%2Fcomments&post=16792"}],"version-history":[{"count":0,"href":"https:\/\/www.ocorreionews.com.br\/acervo-correio\/index.php?rest_route=\/wp\/v2\/posts\/16792\/revisions"}],"wp:featuredmedia":[{"embeddable":true,"href":"https:\/\/www.ocorreionews.com.br\/acervo-correio\/index.php?rest_route=\/wp\/v2\/media\/16793"}],"wp:attachment":[{"href":"https:\/\/www.ocorreionews.com.br\/acervo-correio\/index.php?rest_route=%2Fwp%2Fv2%2Fmedia&parent=16792"}],"wp:term":[{"taxonomy":"category","embeddable":true,"href":"https:\/\/www.ocorreionews.com.br\/acervo-correio\/index.php?rest_route=%2Fwp%2Fv2%2Fcategories&post=16792"},{"taxonomy":"post_tag","embeddable":true,"href":"https:\/\/www.ocorreionews.com.br\/acervo-correio\/index.php?rest_route=%2Fwp%2Fv2%2Ftags&post=16792"}],"curies":[{"name":"wp","href":"https:\/\/api.w.org\/{rel}","templated":true}]}}