{"id":16796,"date":"2015-12-09T09:07:36","date_gmt":"2015-12-09T12:07:36","guid":{"rendered":"https:\/\/ocorreionews.com.br\/?p=16796"},"modified":"2015-12-09T10:09:37","modified_gmt":"2015-12-09T13:09:37","slug":"serial-killer-que-afogou-pelo-menos-oito-criancas-e-preso-em-sp","status":"publish","type":"post","link":"https:\/\/www.ocorreionews.com.br\/acervo-correio\/?p=16796","title":{"rendered":"Serial killer que afogou pelo menos oito crian\u00e7as \u00e9 preso em SP"},"content":{"rendered":"<p>Um homem acusado de matar oito crian\u00e7as com idades entre cinco e 12 anos foi preso nesta ter\u00e7a-feira (8), em Praia Grande, no litoral de S\u00e3o Paulo, enquanto sa\u00eda da casa onde morava. De acordo com a pol\u00edcia, Douglas Baptista, de 62 anos, \u00e9 considerado um dos maiores assassinos em s\u00e9rie da hist\u00f3ria do litoral de S\u00e3o Paulo.<\/p>\n<div class=\"foto componente_materia midia-largura-300\">\n<figure style=\"width: 300px\" class=\"wp-caption alignleft\"><img loading=\"lazy\" decoding=\"async\" title=\"Najila de Jesus morava em S\u00e3o Vicente e foi assassinada por Douglas em 2003 (Foto: Arquivo \/ TV Tribuna)\" src=\"http:\/\/s2.glbimg.com\/6apZIT2uTnjcrei7uJvQ0tnzRXk=\/300x225\/s.glbimg.com\/jo\/g1\/f\/original\/2015\/12\/08\/najila.jpg\" alt=\"Najila de Jesus morava em S\u00e3o Vicente e foi assassinada por Douglas em 2003 (Foto: Arquivo \/ TV Tribuna)\" width=\"300\" height=\"225\" \/><figcaption class=\"wp-caption-text\">Najila de Jesus morava em S\u00e3o Vicente e foi morta por Douglas em 2003 (Foto: Arquivo \/ TV Tribuna)<\/figcaption><\/figure>\n<\/div>\n<p>Baptista, que j\u00e1 foi condenado pelos crimes, atacava crian\u00e7as na Baixada Santista, principalmente em S\u00e3o Vicente, entre os anos de 1992 e 2003. O homem amarrava os bra\u00e7os e as pernas das v\u00edtimas e as jogava em rios e mangues para que se afogassem.<\/p>\n<p>Segundo informa\u00e7\u00f5es da pol\u00edcia, Douglas foi abordado quando deixava um im\u00f3vel localizado no bairro Quietude. Neste momento, quando o suspeito avistou o carro da Pol\u00edcia Militar que fazia patrulhamento pelo local, ele tentou fugir, mas foi abordado pelos policiais.<\/p>\n<p>De todas as oito v\u00edtimas de Douglas, sete eram meninas e um era menino. Dentre as crian\u00e7as assassinadas, uma delas era enteada do serial killer. A pol\u00edcia investiga a exist\u00eancia de novas v\u00edtimas do criminoso.<\/p>\n<div class=\"foto componente_materia midia-largura-300\">\n<figure style=\"width: 300px\" class=\"wp-caption alignleft\"><img loading=\"lazy\" decoding=\"async\" title=\"Nathaly Jennifer Ribeiro foi levada de sua casa e encontrada morta em Itanha\u00e9m (Foto: Arquivo \/ TV Tribuna)\" src=\"http:\/\/s2.glbimg.com\/JcfT2T69K5XEzYpqIsE52a2PgjQ=\/300x225\/s.glbimg.com\/jo\/g1\/f\/original\/2015\/12\/08\/nathaly.jpg\" alt=\"Nathaly Jennifer Ribeiro foi levada de sua casa e encontrada morta em Itanha\u00e9m (Foto: Arquivo \/ TV Tribuna)\" width=\"300\" height=\"225\" \/><figcaption class=\"wp-caption-text\">Nathaly Ribeiro foi levada de sua casa e achada morta em Itanha\u00e9m (Foto: Arquivo \/ TV Tribuna)<\/figcaption><\/figure>\n<\/div>\n<p>Os \u00faltimos crimes conhecidos cometidos por ele foram os homic\u00eddios de Nathaly Jennifer Ribeiro e Najila de Jesus. Ambas tinham cinco anos de idade e foram levadas da frente da casa delas, na comunidade do Jardim Sambaiatuba, no dia de natal em 2003. Na \u00e9poca, a pol\u00edcia concluiu que o serial killer conhecia todas as v\u00edtimas e se tornou amigo de todas as fam\u00edlias para facilitar a sua a\u00e7\u00e3o. Alguns corpos nunca foram localizados.<\/p>\n<p>Ap\u00f3s cometer o \u00faltimo assassinato em 2003, o serial killer morou em Porto Alegre durante algum tempo. Depois disso, ele foi preso e ficou na Penitenci\u00e1ria de S\u00e3o Vicente, mas recebeu alvar\u00e1 de soltura e estava respondendo em liberdade.<\/p>\n<p>Ainda de acordo com o Delegado de Plant\u00e3o da Delegacia Sede de Praia Grande, Siulen Vieira Leung, os crimes de Douglas s\u00f3 foram reconhecidos neste ano pela Justi\u00e7a. \u201cEle estava em liberdade, mas ap\u00f3s o crime ser reconhecido e com o mandado de pris\u00e3o ele passa a ficar sob o poder da Justi\u00e7a\u201d, explica o delegado.<\/p>\n<p>O caso foi encaminhado para a Delegacia Sede da cidade e, a partir de agora, a pol\u00edcia investiga poss\u00edveis novos ataques do man\u00edaco.<\/p>\n<p>&nbsp;<\/p>\n<p>&nbsp;<\/p>\n<p>G1 Santos<\/p>\n","protected":false},"excerpt":{"rendered":"<p>Um homem acusado de matar oito crian\u00e7as com idades entre cinco e 12 anos foi preso nesta ter\u00e7a-feira (8), em Praia Grande, no litoral de S\u00e3o Paulo, enquanto sa\u00eda da casa onde morava. De acordo com a pol\u00edcia, Douglas Baptista, de 62 anos, \u00e9 considerado um dos maiores assassinos em s\u00e9rie da hist\u00f3ria do litoral [&hellip;]<\/p>\n","protected":false},"author":4,"featured_media":16797,"comment_status":"closed","ping_status":"closed","sticky":false,"template":"","format":"standard","meta":{"footnotes":""},"categories":[38],"tags":[],"class_list":["post-16796","post","type-post","status-publish","format-standard","has-post-thumbnail","hentry","category-policia"],"_links":{"self":[{"href":"https:\/\/www.ocorreionews.com.br\/acervo-correio\/index.php?rest_route=\/wp\/v2\/posts\/16796","targetHints":{"allow":["GET"]}}],"collection":[{"href":"https:\/\/www.ocorreionews.com.br\/acervo-correio\/index.php?rest_route=\/wp\/v2\/posts"}],"about":[{"href":"https:\/\/www.ocorreionews.com.br\/acervo-correio\/index.php?rest_route=\/wp\/v2\/types\/post"}],"author":[{"embeddable":true,"href":"https:\/\/www.ocorreionews.com.br\/acervo-correio\/index.php?rest_route=\/wp\/v2\/users\/4"}],"replies":[{"embeddable":true,"href":"https:\/\/www.ocorreionews.com.br\/acervo-correio\/index.php?rest_route=%2Fwp%2Fv2%2Fcomments&post=16796"}],"version-history":[{"count":0,"href":"https:\/\/www.ocorreionews.com.br\/acervo-correio\/index.php?rest_route=\/wp\/v2\/posts\/16796\/revisions"}],"wp:featuredmedia":[{"embeddable":true,"href":"https:\/\/www.ocorreionews.com.br\/acervo-correio\/index.php?rest_route=\/wp\/v2\/media\/16797"}],"wp:attachment":[{"href":"https:\/\/www.ocorreionews.com.br\/acervo-correio\/index.php?rest_route=%2Fwp%2Fv2%2Fmedia&parent=16796"}],"wp:term":[{"taxonomy":"category","embeddable":true,"href":"https:\/\/www.ocorreionews.com.br\/acervo-correio\/index.php?rest_route=%2Fwp%2Fv2%2Fcategories&post=16796"},{"taxonomy":"post_tag","embeddable":true,"href":"https:\/\/www.ocorreionews.com.br\/acervo-correio\/index.php?rest_route=%2Fwp%2Fv2%2Ftags&post=16796"}],"curies":[{"name":"wp","href":"https:\/\/api.w.org\/{rel}","templated":true}]}}