{"id":16812,"date":"2015-12-09T15:32:24","date_gmt":"2015-12-09T18:32:24","guid":{"rendered":"https:\/\/ocorreionews.com.br\/?p=16812"},"modified":"2015-12-09T15:32:24","modified_gmt":"2015-12-09T18:32:24","slug":"mexico-tem-primeira-vacina-contra-dengue-registrada-no-mundo","status":"publish","type":"post","link":"https:\/\/www.ocorreionews.com.br\/acervo-correio\/?p=16812","title":{"rendered":"M\u00e9xico tem primeira vacina contra dengue registrada no mundo"},"content":{"rendered":"<p>O M\u00e9xico se transformou no primeiro pa\u00eds do mundo a autorizar a vacina contra a dengue desenvolvida pelo laborat\u00f3rio franc\u00eas Sanofi Pasteur.<\/p>\n<p>A Sanofi Pasteur pediu autoriza\u00e7\u00f5es em 20 pa\u00edses da \u00c1sia e Am\u00e9rica Latina e tamb\u00e9m far\u00e1 o mesmo na Uni\u00e3o Europeia (2016) e Estados Unidos (2017).<\/p>\n<p>Esta vacina, a primeira contra a dengue, uma doen\u00e7a com 400 milh\u00f5es de novas infec\u00e7\u00f5es por ano, incluindo os pa\u00edses desenvolvidos, poder\u00e1 gerar mais de US$ 1 bilh\u00e3o por ano, segundo o laborat\u00f3rio.<\/p>\n<p>O M\u00e9xico autorizou a aplica\u00e7\u00e3o apenas em pessoas de 9 a 45 anos em regi\u00f5es onde a doen\u00e7a \u00e9 end\u00eamica.<\/p>\n<p>Segundo Lucia Bricks, diretora m\u00e9dica da farmac\u00eautica Sanofi Pasteur no Brasil, agora haver\u00e1 um processo para defini\u00e7\u00e3o de pre\u00e7o da vacina, aprova\u00e7\u00e3o da bula e da embalagem e o produto deve chegar ao mercado no M\u00e9xico no come\u00e7o de 2016. &#8220;Estamos torcendo para que chegue rapidamente a quem precisa. Somos pioneiros em fazer uma f\u00e1brica antes de ter a vacina registrada. Nossas f\u00e1bricas na Fran\u00e7a j\u00e1 est\u00e3o validadas e t\u00eam doses prontas&#8221;, diz.<\/p>\n<p><strong>Situa\u00e7\u00e3o no Brasil<\/strong><br \/>\nNo Brasil, a mesma vacina obteve em outubro da Comiss\u00e3o T\u00e9cnica Nacional de Biosseguran\u00e7a (CTNBio) a libera\u00e7\u00e3o comercial. Mas esta \u00e9 apenas uma das autoriza\u00e7\u00f5es necess\u00e1rias para que o produto seja lan\u00e7ado no Brasil. A empresa ainda aguarda a concess\u00e3o do registro pela Ag\u00eancia Nacional de Vigil\u00e2ncia Sanit\u00e1ria (Anvisa), que est\u00e1 analisando os documentos que foram apresentados pela farmac\u00eautica em mar\u00e7o.<\/p>\n<p>A vacina teve de ser submetida \u00e0 avalia\u00e7\u00e3o da CTNBio porque cont\u00e9m organismos geneticamente modificados (OGMs): ela combina o v\u00edrus da febre amarela com a parte dos v\u00edrus da dengue que provocam a resposta imune em quem recebe a vacina.<\/p>\n<div class=\"saibamais componente_materia\"><strong>Efic\u00e1cia contra dengue<\/strong><br \/>\nEstudos cl\u00ednicos demonstraram que a vacina foi capaz de reduzir em 60,8% o n\u00famero de casos de dengue em um estudo que envolveu quase 21 mil crian\u00e7as e adolescentes da Am\u00e9rica Latina e Caribe. Em outro estudo, feito com mais de 10 mil volunt\u00e1rios da \u00c1sia, a vacina conseguiu reduzir em 56% o n\u00famero de casos da doen\u00e7a.<\/div>\n<p>Outro estudo, feito a partir de uma an\u00e1lise combinada dos testes cl\u00ednicos na \u00c1sia e na Am\u00e9rica Latina, concluiu que a vacina \u00e9 mais eficaz a partir dos 9 anos de idade. A partir dessa faixa et\u00e1ria, a vacina \u00e9 capaz de proteger 66% dos indiv\u00edduos contra a dengue.<\/p>\n<p>Existem outras iniciativas de desenvolvimento da imuniza\u00e7\u00e3o contra a dengue, inclusive por institui\u00e7\u00f5es brasileiras. O Instituto Butantan, em parceria com os Institutos Nacionais de Sa\u00fade dos Estados Unidos (NIH), desenvolvem um desses projetos. A CTNBio j\u00e1 aprovou, em agosto, a realiza\u00e7\u00e3o de testes cl\u00ednicos de fase 3 com esta vacina.<\/p>\n<p>J\u00e1 a Funda\u00e7\u00e3o Oswaldo Cruz (Fiocruz) est\u00e1 envolvida em dois projetos. A farmac\u00eautica japonesa Takeda tamb\u00e9m est\u00e1 na corrida pelo desenvolvimento de uma vacina contra dengue.<\/p>\n<p>&nbsp;<\/p>\n<p>&nbsp;<\/p>\n<p>G1 &#8211; Bem Estar<\/p>\n","protected":false},"excerpt":{"rendered":"<p>O M\u00e9xico se transformou no primeiro pa\u00eds do mundo a autorizar a vacina contra a dengue desenvolvida pelo laborat\u00f3rio franc\u00eas Sanofi Pasteur. A Sanofi Pasteur pediu autoriza\u00e7\u00f5es em 20 pa\u00edses da \u00c1sia e Am\u00e9rica Latina e tamb\u00e9m far\u00e1 o mesmo na Uni\u00e3o Europeia (2016) e Estados Unidos (2017). Esta vacina, a primeira contra a dengue, [&hellip;]<\/p>\n","protected":false},"author":4,"featured_media":16813,"comment_status":"closed","ping_status":"closed","sticky":false,"template":"","format":"standard","meta":{"footnotes":""},"categories":[39],"tags":[],"class_list":["post-16812","post","type-post","status-publish","format-standard","has-post-thumbnail","hentry","category-saude"],"_links":{"self":[{"href":"https:\/\/www.ocorreionews.com.br\/acervo-correio\/index.php?rest_route=\/wp\/v2\/posts\/16812","targetHints":{"allow":["GET"]}}],"collection":[{"href":"https:\/\/www.ocorreionews.com.br\/acervo-correio\/index.php?rest_route=\/wp\/v2\/posts"}],"about":[{"href":"https:\/\/www.ocorreionews.com.br\/acervo-correio\/index.php?rest_route=\/wp\/v2\/types\/post"}],"author":[{"embeddable":true,"href":"https:\/\/www.ocorreionews.com.br\/acervo-correio\/index.php?rest_route=\/wp\/v2\/users\/4"}],"replies":[{"embeddable":true,"href":"https:\/\/www.ocorreionews.com.br\/acervo-correio\/index.php?rest_route=%2Fwp%2Fv2%2Fcomments&post=16812"}],"version-history":[{"count":0,"href":"https:\/\/www.ocorreionews.com.br\/acervo-correio\/index.php?rest_route=\/wp\/v2\/posts\/16812\/revisions"}],"wp:featuredmedia":[{"embeddable":true,"href":"https:\/\/www.ocorreionews.com.br\/acervo-correio\/index.php?rest_route=\/wp\/v2\/media\/16813"}],"wp:attachment":[{"href":"https:\/\/www.ocorreionews.com.br\/acervo-correio\/index.php?rest_route=%2Fwp%2Fv2%2Fmedia&parent=16812"}],"wp:term":[{"taxonomy":"category","embeddable":true,"href":"https:\/\/www.ocorreionews.com.br\/acervo-correio\/index.php?rest_route=%2Fwp%2Fv2%2Fcategories&post=16812"},{"taxonomy":"post_tag","embeddable":true,"href":"https:\/\/www.ocorreionews.com.br\/acervo-correio\/index.php?rest_route=%2Fwp%2Fv2%2Ftags&post=16812"}],"curies":[{"name":"wp","href":"https:\/\/api.w.org\/{rel}","templated":true}]}}