{"id":16823,"date":"2015-12-10T08:33:13","date_gmt":"2015-12-10T11:33:13","guid":{"rendered":"https:\/\/ocorreionews.com.br\/?p=16823"},"modified":"2015-12-10T08:33:13","modified_gmt":"2015-12-10T11:33:13","slug":"tarifas-de-cartas-e-telegramas-dos-correios-serao-reajustadas-para-reduzir-deficit","status":"publish","type":"post","link":"https:\/\/www.ocorreionews.com.br\/acervo-correio\/?p=16823","title":{"rendered":"Tarifas de cartas e telegramas dos Correios ser\u00e3o reajustadas para reduzir d\u00e9ficit"},"content":{"rendered":"<div class=\"div-texto\">\n<p>Para diminuir o d\u00e9ficit no or\u00e7amento, os Correios far\u00e3o corre\u00e7\u00e3o nas tarifas de servi\u00e7os n\u00e3o concorrenciais, como as de entrega de cartas e telegramas, em 8,89%. Segundo o presidente, Giovanni Queiroz, a medida deve &#8220;estancar a sangria&#8221; nas contas da empresa, que deve chegar a R$ 2 bilh\u00f5es at\u00e9 o fim do ano. At\u00e9 outubro, o resultado negativo estava em R$ 1,3 bilh\u00e3o.<\/p>\n<p>Autorizada pelo Minist\u00e9rio da Fazenda, a estrategia deve aumentar as receitas da empresa em cerca de R$ 700 milh\u00f5es por ano e deve come\u00e7ar a vigorar nos pr\u00f3ximos dias.<\/p>\n<p>Medidas administrativas tamb\u00e9m fazem parte do pacote previsto por Queiroz. O novo presidente dos Correios quer adiar a renova\u00e7\u00e3o das frotas de carros e caminh\u00f5es da empresa, que atualmente ocorre a cada cinco anos. Os contratos de 4,8 mil im\u00f3veis que a empresa aluga ser\u00e3o revistos, verbas publicit\u00e1rias e de patroc\u00ednio ser\u00e3o cortadas e at\u00e9 o hor\u00e1rio de funcionamento das ag\u00eancias poder\u00e1 sofrer altera\u00e7\u00f5es. Para o ano que vem, o objetivo \u00e9 cortar R$ 1,7 bilh\u00e3o em gastos e aumentar em R$ 300 milh\u00f5es a receita da empresa.<\/p>\n<p><strong>Fal\u00eancia<\/strong><\/p>\n<p>O atual presidente conta que, em reuni\u00f5es realizadas antes de assumir a gest\u00e3o da empresa, chegou a ouvir de membros do governo que, se medidas urgentes n\u00e3o fossem tomadas, os Correios poderiam chegar \u00e0 fal\u00eancia. &#8220;Aquilo me chocou bastante, e vi que as coisas eram mais profundas&#8221;, disse em entrevista.<\/p>\n<p>Queiroz quer contar com a participa\u00e7\u00e3o dos 120 mil trabalhadores dos Correios para implementar as medidas de ajuste. Ontem, 8, ele se reuniu com representantes de sindicatos e associa\u00e7\u00f5es dos empregados, e grupos de trabalho foram formados para apresentar solu\u00e7\u00f5es at\u00e9 o fim de janeiro. &#8220;N\u00e3o conseguiremos avan\u00e7ar se n\u00e3o tivermos a participa\u00e7\u00e3o dos trabalhadores na ponta. Se n\u00e3o nos unirmos para fazer essa reforma, vamos ver os Correios se acabarem&#8221;, ressaltou.<\/p>\n<p><strong>Trabalhadores<\/strong><\/p>\n<p>Algumas medidas devem afetar diretamente os trabalhadores, como a substitui\u00e7\u00e3o dos uniformes para atendentes de ag\u00eancias por coletes e a entrega alternada de correspond\u00eancias pelos carteiros. Queiroz ressaltou tamb\u00e9m a necessidade da revis\u00e3o de itens do acordo coletivo com os trabalhadores. &#8220;Existem concess\u00f5es que extrapolam a condi\u00e7\u00e3o da empresa hoje. Temos que negociar, porque precisamos fazer cortes&#8221;, disse.<\/p>\n<p>Para dar o exemplo, o presidente dos Correios decidiu reduzir o pr\u00f3prio sal\u00e1rio e o dos vice-presidentes, al\u00e9m de suspender o reajuste de fun\u00e7\u00f5es. Ele tamb\u00e9m dispensou o uso de telefone funcional. &#8220;Quem quiser ficar rico que v\u00e1 para a iniciativa privada&#8221;, justifica.<\/p>\n<p><strong>Capital da empresa<\/strong><\/p>\n<p>Apesar da dificuldade financeira, a hip\u00f3tese de abrir o capital da empresa para empresas privadas ainda n\u00e3o est\u00e1 no horizonte, segundo Queiroz. &#8220;Os Correios s\u00e3o um instrumento de integra\u00e7\u00e3o social, e se voc\u00ea privatiza, quem entra \u00e9 para ganhar dinheiro, e essa a\u00e7\u00e3o social desaparece. E com isso haveria corte de pessoal, desemprego&#8221;, disse.<\/p>\n<p>No ano passado, a empresa apresentou um lucro l\u00edquido de R$ 9,9 milh\u00f5es e, em 2013, o lucro foi de R$ 800 milh\u00f5es.<\/p>\n<\/div>\n<p>&nbsp;<\/p>\n<p>&nbsp;<\/p>\n<div class=\"div-texto\">\n<p><em>*Ag\u00eancia CNM, com informa\u00e7\u00f5es da Ag\u00eancia Brasil<\/em><\/p>\n<\/div>\n","protected":false},"excerpt":{"rendered":"<p>Para diminuir o d\u00e9ficit no or\u00e7amento, os Correios far\u00e3o corre\u00e7\u00e3o nas tarifas de servi\u00e7os n\u00e3o concorrenciais, como as de entrega de cartas e telegramas, em 8,89%. Segundo o presidente, Giovanni Queiroz, a medida deve &#8220;estancar a sangria&#8221; nas contas da empresa, que deve chegar a R$ 2 bilh\u00f5es at\u00e9 o fim do ano. At\u00e9 outubro, [&hellip;]<\/p>\n","protected":false},"author":4,"featured_media":6490,"comment_status":"closed","ping_status":"closed","sticky":false,"template":"","format":"standard","meta":{"footnotes":""},"categories":[26],"tags":[],"class_list":["post-16823","post","type-post","status-publish","format-standard","has-post-thumbnail","hentry","category-economia"],"_links":{"self":[{"href":"https:\/\/www.ocorreionews.com.br\/acervo-correio\/index.php?rest_route=\/wp\/v2\/posts\/16823","targetHints":{"allow":["GET"]}}],"collection":[{"href":"https:\/\/www.ocorreionews.com.br\/acervo-correio\/index.php?rest_route=\/wp\/v2\/posts"}],"about":[{"href":"https:\/\/www.ocorreionews.com.br\/acervo-correio\/index.php?rest_route=\/wp\/v2\/types\/post"}],"author":[{"embeddable":true,"href":"https:\/\/www.ocorreionews.com.br\/acervo-correio\/index.php?rest_route=\/wp\/v2\/users\/4"}],"replies":[{"embeddable":true,"href":"https:\/\/www.ocorreionews.com.br\/acervo-correio\/index.php?rest_route=%2Fwp%2Fv2%2Fcomments&post=16823"}],"version-history":[{"count":0,"href":"https:\/\/www.ocorreionews.com.br\/acervo-correio\/index.php?rest_route=\/wp\/v2\/posts\/16823\/revisions"}],"wp:featuredmedia":[{"embeddable":true,"href":"https:\/\/www.ocorreionews.com.br\/acervo-correio\/index.php?rest_route=\/wp\/v2\/media\/6490"}],"wp:attachment":[{"href":"https:\/\/www.ocorreionews.com.br\/acervo-correio\/index.php?rest_route=%2Fwp%2Fv2%2Fmedia&parent=16823"}],"wp:term":[{"taxonomy":"category","embeddable":true,"href":"https:\/\/www.ocorreionews.com.br\/acervo-correio\/index.php?rest_route=%2Fwp%2Fv2%2Fcategories&post=16823"},{"taxonomy":"post_tag","embeddable":true,"href":"https:\/\/www.ocorreionews.com.br\/acervo-correio\/index.php?rest_route=%2Fwp%2Fv2%2Ftags&post=16823"}],"curies":[{"name":"wp","href":"https:\/\/api.w.org\/{rel}","templated":true}]}}