{"id":16825,"date":"2015-12-10T08:44:47","date_gmt":"2015-12-10T11:44:47","guid":{"rendered":"https:\/\/ocorreionews.com.br\/?p=16825"},"modified":"2015-12-10T08:44:47","modified_gmt":"2015-12-10T11:44:47","slug":"costa-rica-inaugura-nesta-quinta-feira-10-iluminacao-natalina-com-cantata-de-natal-e-a-chegada-do-papai-noel","status":"publish","type":"post","link":"https:\/\/www.ocorreionews.com.br\/acervo-correio\/?p=16825","title":{"rendered":"Costa Rica inaugura nesta quinta-feira (10) ilumina\u00e7\u00e3o natalina com Cantata de Natal e a chegada do Papai Noel"},"content":{"rendered":"<div>Est\u00e1 quase tudo pronto para receber o Papai Noel em Costa Rica \u2013 MS, e \u00e9 com a Cantata de Natal que o \u2018bom velhinho\u2019 e p\u00fablico ser\u00e3o recebidos nesta quarta-feira (10), a partir das 18h30, no Pa\u00e7o Municipal, para este momento t\u00e3o especial. A solenidade oficial de inaugura\u00e7\u00e3o da ilumina\u00e7\u00e3o natalina ter\u00e1 a apresenta\u00e7\u00e3o de corais da cidade que v\u00e3o proporcionar um repert\u00f3rio com m\u00fasicas natalinas e regionais.<\/div>\n<div><\/div>\n<div>Segundo a subsecret\u00e1ria de Administra\u00e7\u00e3o, novos enfeites foram adquiridos para encantar ainda mais a decora\u00e7\u00e3o, como por exemplo, a \u00c1rvore de Natal de 5 metros e as grandes Estrelas feitas com garrafas PETs que est\u00e3o dispostas no Parque Ecol\u00f3gico, as cascatas e o pres\u00e9pio de dentro do Pa\u00e7o Municipal, entre outros.<\/div>\n<div><\/div>\n<div>&#8220;A cada ano, vamos modificando a decora\u00e7\u00e3o de Natal, trazendo novidades para surpreender a popula\u00e7\u00e3o. Costa Rica recebe muitos visitantes nesse per\u00edodo de festas. A nossa expectativa \u00e9 que a decora\u00e7\u00e3o de natal, em especial, o Pa\u00e7o Municipal e o Parque Ecol\u00f3gico seja um ponto de encontro das fam\u00edlias&#8221;, afirmou Liliane Campo que foi a coordenadora da ornamenta\u00e7\u00e3o.<\/div>\n<div><\/div>\n<div>Durante a Cantata de Natal as crian\u00e7as ter\u00e3o um momento s\u00f3 para elas com o Papai Noel para tirar fotos, al\u00e9m de poder aproveitar as guloseimas (algod\u00e3o doce, pipoca) que ser\u00e3o entregues durante o evento, e ainda, ter\u00e3o a disposi\u00e7\u00e3o v\u00e1rios brinquedos infl\u00e1veis para se divertirem. O \u2018bom velhinho\u2019 ficar\u00e1 em Costa Rica at\u00e9 o dia 23 de dezembro recebendo na sua casinha as crian\u00e7as que quiserem tirar fotos.<\/div>\n<div><\/div>\n<div>Al\u00e9m do Pa\u00e7o Municipal, durante a solenidade tamb\u00e9m ser\u00e3o inauguradas a ilumina\u00e7\u00e3o da Avenida Jos\u00e9 Ferreira da Costa, os enfeites do Parque Ecol\u00f3gico que recebeu uma decora\u00e7\u00e3o sustent\u00e1vel.<\/div>\n<div><\/div>\n<div><a href=\"https:\/\/ocorreionews.com.br\/wp-content\/uploads\/2015\/12\/cantada-de-natal.jpg\" rel=\"attachment wp-att-16644\"><img loading=\"lazy\" decoding=\"async\" class=\"alignnone wp-image-16644 size-full\" src=\"https:\/\/ocorreionews.com.br\/wp-content\/uploads\/2015\/12\/cantada-de-natal.jpg\" alt=\"cantada de natal\" width=\"800\" height=\"447\" srcset=\"https:\/\/www.ocorreionews.com.br\/acervo-correio\/wp-content\/uploads\/2015\/12\/cantada-de-natal.jpg 800w, https:\/\/www.ocorreionews.com.br\/acervo-correio\/wp-content\/uploads\/2015\/12\/cantada-de-natal-300x168.jpg 300w\" sizes=\"auto, (max-width: 800px) 100vw, 800px\" \/><\/a><\/div>\n<div><\/div>\n<div>Costa Rica em Foco<\/div>\n","protected":false},"excerpt":{"rendered":"<p>Est\u00e1 quase tudo pronto para receber o Papai Noel em Costa Rica \u2013 MS, e \u00e9 com a Cantata de Natal que o \u2018bom velhinho\u2019 e p\u00fablico ser\u00e3o recebidos nesta quarta-feira (10), a partir das 18h30, no Pa\u00e7o Municipal, para este momento t\u00e3o especial. A solenidade oficial de inaugura\u00e7\u00e3o da ilumina\u00e7\u00e3o natalina ter\u00e1 a apresenta\u00e7\u00e3o [&hellip;]<\/p>\n","protected":false},"author":4,"featured_media":16828,"comment_status":"closed","ping_status":"closed","sticky":false,"template":"","format":"standard","meta":{"footnotes":""},"categories":[25],"tags":[],"class_list":["post-16825","post","type-post","status-publish","format-standard","has-post-thumbnail","hentry","category-costa-rica"],"_links":{"self":[{"href":"https:\/\/www.ocorreionews.com.br\/acervo-correio\/index.php?rest_route=\/wp\/v2\/posts\/16825","targetHints":{"allow":["GET"]}}],"collection":[{"href":"https:\/\/www.ocorreionews.com.br\/acervo-correio\/index.php?rest_route=\/wp\/v2\/posts"}],"about":[{"href":"https:\/\/www.ocorreionews.com.br\/acervo-correio\/index.php?rest_route=\/wp\/v2\/types\/post"}],"author":[{"embeddable":true,"href":"https:\/\/www.ocorreionews.com.br\/acervo-correio\/index.php?rest_route=\/wp\/v2\/users\/4"}],"replies":[{"embeddable":true,"href":"https:\/\/www.ocorreionews.com.br\/acervo-correio\/index.php?rest_route=%2Fwp%2Fv2%2Fcomments&post=16825"}],"version-history":[{"count":0,"href":"https:\/\/www.ocorreionews.com.br\/acervo-correio\/index.php?rest_route=\/wp\/v2\/posts\/16825\/revisions"}],"wp:featuredmedia":[{"embeddable":true,"href":"https:\/\/www.ocorreionews.com.br\/acervo-correio\/index.php?rest_route=\/wp\/v2\/media\/16828"}],"wp:attachment":[{"href":"https:\/\/www.ocorreionews.com.br\/acervo-correio\/index.php?rest_route=%2Fwp%2Fv2%2Fmedia&parent=16825"}],"wp:term":[{"taxonomy":"category","embeddable":true,"href":"https:\/\/www.ocorreionews.com.br\/acervo-correio\/index.php?rest_route=%2Fwp%2Fv2%2Fcategories&post=16825"},{"taxonomy":"post_tag","embeddable":true,"href":"https:\/\/www.ocorreionews.com.br\/acervo-correio\/index.php?rest_route=%2Fwp%2Fv2%2Ftags&post=16825"}],"curies":[{"name":"wp","href":"https:\/\/api.w.org\/{rel}","templated":true}]}}