{"id":16834,"date":"2015-12-10T09:14:40","date_gmt":"2015-12-10T12:14:40","guid":{"rendered":"https:\/\/ocorreionews.com.br\/?p=16834"},"modified":"2015-12-10T09:14:40","modified_gmt":"2015-12-10T12:14:40","slug":"paraiso-das-aguas-inicia-forca-tarefa-de-combate-ao-mosquito-aedes-aegypti","status":"publish","type":"post","link":"https:\/\/www.ocorreionews.com.br\/acervo-correio\/?p=16834","title":{"rendered":"Para\u00edso das \u00c1guas inicia for\u00e7a tarefa de combate ao mosquito Aedes Aegypti"},"content":{"rendered":"<p>O Prefeito Municipal de Para\u00edso das \u00c1guas, Ivan da Cruz Pereira (Xixi- PMDB) esteve reunido na manh\u00e3 desta quarta-feira, dia 09 de dezembro com os vereadores Roberto Carlos, An\u00edsio Sobrinho, Neifi Garcia e Lindomar(Fiotinho), com a equipe da secretaria de sa\u00fade, da secretaria de obras e da secretaria de planejamento e fomento ao desenvolvimento para planejarem as a\u00e7\u00f5es de intensifica\u00e7\u00e3o no combate aos focos do mosquito Aedes Aegypti transmissor da dengue, Zika V\u00edrus e febre Chikungunya. O objetivo desse encontro foi o de tra\u00e7ar estrat\u00e9gias para a elimina\u00e7\u00e3o do mosquito.<\/p>\n<p>Al\u00e9m do trabalho de conscientiza\u00e7\u00e3o por meio de materiais\u00a0 informativos como folhetos e banners, explicando os perigos da doen\u00e7a e as formas de preven\u00e7\u00e3o, a Prefeitura Municipal juntamente com as secretarias municipais far\u00e3o uma for\u00e7a conjunta para realizar um mutir\u00e3o de limpeza pela cidade, visitando as casas, entrando em lotes, terrenos baldios, constru\u00e7\u00f5es, entre outros. O intuito \u00e9, com auxilio de maquin\u00e1rios, limpar terrenos e remover todos\u00a0 os entulhos que possam se transformar em criadouro do mosquito.<\/p>\n<p>A partir de amanh\u00e3, dia 10 de dezembro, a popula\u00e7\u00e3o poder\u00e1 colocar seus entulhos na cal\u00e7ada, pois a Prefeitura ir\u00e1 passar fazendo o recolhimento desse lixo.<\/p>\n<p>Na pr\u00f3xima segunda-feira, dia 14 de dezembro, as equipes das secretarias municipais estar\u00e3o indo at\u00e9 as resid\u00eancias \u00a0com boletins de visitas e orienta\u00e7\u00f5es para conscientizar as pessoas da import\u00e2ncia da elimina\u00e7\u00e3o do criadouro do mosquito.<\/p>\n<p>Os maquin\u00e1rios tamb\u00e9m far\u00e3o parte desse mutir\u00e3o e v\u00e3o, \u00a0al\u00e9m de recolher os entulhos presentes nos terrenos baldios \u00a0fazer a ro\u00e7ada, limpeza e gradea\u00e7\u00e3o nos terrenos. Depois dessa limpeza, os donos que n\u00e3o cuidarem de seus lotes e deixar que os mesmos acumulem entulhos ser\u00e3o notificados e ter\u00e3o um prazo para efetuar a limpeza do local. Se descumprirem os prazos estipulados sofrer\u00e3o as puni\u00e7\u00f5es previstas na Lei n\u00ba165, de 27 de agosto de 2015.<\/p>\n<p>Os trabalhos de preven\u00e7\u00e3o ao mosquito da dengue ser\u00e3o feitos no per\u00edmetro urbano de Para\u00edso das \u00c1guas e, depois do recesso o mutir\u00e3o ser\u00e1 realizado nos distritos.<\/p>\n<p>Vale ressaltar que 80%dos mosquitos est\u00e3o dentro de nossas casas, por isso as pessoas precisam se conscientizar e fazer a sua parte no combate a dengue.<\/p>\n<p>&nbsp;<\/p>\n<p>ASSECOM- Prefeitura Municipal de Para\u00edso das \u00c1guas- MS<\/p>\n","protected":false},"excerpt":{"rendered":"<p>O Prefeito Municipal de Para\u00edso das \u00c1guas, Ivan da Cruz Pereira (Xixi- PMDB) esteve reunido na manh\u00e3 desta quarta-feira, dia 09 de dezembro com os vereadores Roberto Carlos, An\u00edsio Sobrinho, Neifi Garcia e Lindomar(Fiotinho), com a equipe da secretaria de sa\u00fade, da secretaria de obras e da secretaria de planejamento e fomento ao desenvolvimento para [&hellip;]<\/p>\n","protected":false},"author":4,"featured_media":16835,"comment_status":"closed","ping_status":"closed","sticky":false,"template":"","format":"standard","meta":{"footnotes":""},"categories":[36],"tags":[],"class_list":["post-16834","post","type-post","status-publish","format-standard","has-post-thumbnail","hentry","category-paraiso-das-aguas"],"_links":{"self":[{"href":"https:\/\/www.ocorreionews.com.br\/acervo-correio\/index.php?rest_route=\/wp\/v2\/posts\/16834","targetHints":{"allow":["GET"]}}],"collection":[{"href":"https:\/\/www.ocorreionews.com.br\/acervo-correio\/index.php?rest_route=\/wp\/v2\/posts"}],"about":[{"href":"https:\/\/www.ocorreionews.com.br\/acervo-correio\/index.php?rest_route=\/wp\/v2\/types\/post"}],"author":[{"embeddable":true,"href":"https:\/\/www.ocorreionews.com.br\/acervo-correio\/index.php?rest_route=\/wp\/v2\/users\/4"}],"replies":[{"embeddable":true,"href":"https:\/\/www.ocorreionews.com.br\/acervo-correio\/index.php?rest_route=%2Fwp%2Fv2%2Fcomments&post=16834"}],"version-history":[{"count":0,"href":"https:\/\/www.ocorreionews.com.br\/acervo-correio\/index.php?rest_route=\/wp\/v2\/posts\/16834\/revisions"}],"wp:featuredmedia":[{"embeddable":true,"href":"https:\/\/www.ocorreionews.com.br\/acervo-correio\/index.php?rest_route=\/wp\/v2\/media\/16835"}],"wp:attachment":[{"href":"https:\/\/www.ocorreionews.com.br\/acervo-correio\/index.php?rest_route=%2Fwp%2Fv2%2Fmedia&parent=16834"}],"wp:term":[{"taxonomy":"category","embeddable":true,"href":"https:\/\/www.ocorreionews.com.br\/acervo-correio\/index.php?rest_route=%2Fwp%2Fv2%2Fcategories&post=16834"},{"taxonomy":"post_tag","embeddable":true,"href":"https:\/\/www.ocorreionews.com.br\/acervo-correio\/index.php?rest_route=%2Fwp%2Fv2%2Ftags&post=16834"}],"curies":[{"name":"wp","href":"https:\/\/api.w.org\/{rel}","templated":true}]}}