{"id":16837,"date":"2015-12-10T09:38:21","date_gmt":"2015-12-10T12:38:21","guid":{"rendered":"https:\/\/ocorreionews.com.br\/?p=16837"},"modified":"2015-12-10T09:38:21","modified_gmt":"2015-12-10T12:38:21","slug":"edital-de-convocacao-associacao-de-amigos-e-moradores-bairro-esperanca","status":"publish","type":"post","link":"https:\/\/www.ocorreionews.com.br\/acervo-correio\/?p=16837","title":{"rendered":"Edital de Convoca\u00e7\u00e3o  &#8211; Associa\u00e7\u00e3o de Amigos e Moradores Bairro Esperan\u00e7a"},"content":{"rendered":"<p><strong>Edital de Convoca\u00e7\u00e3o<\/strong><\/p>\n<p><a href=\"https:\/\/ocorreionews.com.br\/wp-content\/uploads\/2015\/12\/Edital-valeriasite-1.jpg\" rel=\"attachment wp-att-16841\"><img loading=\"lazy\" decoding=\"async\" class=\"alignnone wp-image-16841 size-full\" src=\"https:\/\/ocorreionews.com.br\/wp-content\/uploads\/2015\/12\/Edital-valeriasite-1.jpg\" alt=\"Edital valeriasite (1)\" width=\"720\" height=\"1152\" srcset=\"https:\/\/www.ocorreionews.com.br\/acervo-correio\/wp-content\/uploads\/2015\/12\/Edital-valeriasite-1.jpg 720w, https:\/\/www.ocorreionews.com.br\/acervo-correio\/wp-content\/uploads\/2015\/12\/Edital-valeriasite-1-188x300.jpg 188w, https:\/\/www.ocorreionews.com.br\/acervo-correio\/wp-content\/uploads\/2015\/12\/Edital-valeriasite-1-640x1024.jpg 640w\" sizes=\"auto, (max-width: 720px) 100vw, 720px\" \/><\/a><\/p>\n<p>&nbsp;<\/p>\n<p><a href=\"https:\/\/ocorreionews.com.br\/wp-content\/uploads\/2015\/12\/Edital-valeria-site.jpg\" rel=\"attachment wp-att-16839\"><img loading=\"lazy\" decoding=\"async\" class=\"alignnone wp-image-16839 size-full\" src=\"https:\/\/ocorreionews.com.br\/wp-content\/uploads\/2015\/12\/Edital-valeria-site.jpg\" alt=\"Edital valeria site\" width=\"760\" height=\"720\" srcset=\"https:\/\/www.ocorreionews.com.br\/acervo-correio\/wp-content\/uploads\/2015\/12\/Edital-valeria-site.jpg 760w, https:\/\/www.ocorreionews.com.br\/acervo-correio\/wp-content\/uploads\/2015\/12\/Edital-valeria-site-300x284.jpg 300w\" sizes=\"auto, (max-width: 760px) 100vw, 760px\" \/><\/a><\/p>\n<p>&nbsp;<\/p>\n","protected":false},"excerpt":{"rendered":"<p>Edital de Convoca\u00e7\u00e3o &nbsp; &nbsp;<\/p>\n","protected":false},"author":4,"featured_media":16838,"comment_status":"closed","ping_status":"closed","sticky":false,"template":"","format":"standard","meta":{"footnotes":""},"categories":[23],"tags":[],"class_list":["post-16837","post","type-post","status-publish","format-standard","has-post-thumbnail","hentry","category-chapadao-do-sul"],"_links":{"self":[{"href":"https:\/\/www.ocorreionews.com.br\/acervo-correio\/index.php?rest_route=\/wp\/v2\/posts\/16837","targetHints":{"allow":["GET"]}}],"collection":[{"href":"https:\/\/www.ocorreionews.com.br\/acervo-correio\/index.php?rest_route=\/wp\/v2\/posts"}],"about":[{"href":"https:\/\/www.ocorreionews.com.br\/acervo-correio\/index.php?rest_route=\/wp\/v2\/types\/post"}],"author":[{"embeddable":true,"href":"https:\/\/www.ocorreionews.com.br\/acervo-correio\/index.php?rest_route=\/wp\/v2\/users\/4"}],"replies":[{"embeddable":true,"href":"https:\/\/www.ocorreionews.com.br\/acervo-correio\/index.php?rest_route=%2Fwp%2Fv2%2Fcomments&post=16837"}],"version-history":[{"count":0,"href":"https:\/\/www.ocorreionews.com.br\/acervo-correio\/index.php?rest_route=\/wp\/v2\/posts\/16837\/revisions"}],"wp:featuredmedia":[{"embeddable":true,"href":"https:\/\/www.ocorreionews.com.br\/acervo-correio\/index.php?rest_route=\/wp\/v2\/media\/16838"}],"wp:attachment":[{"href":"https:\/\/www.ocorreionews.com.br\/acervo-correio\/index.php?rest_route=%2Fwp%2Fv2%2Fmedia&parent=16837"}],"wp:term":[{"taxonomy":"category","embeddable":true,"href":"https:\/\/www.ocorreionews.com.br\/acervo-correio\/index.php?rest_route=%2Fwp%2Fv2%2Fcategories&post=16837"},{"taxonomy":"post_tag","embeddable":true,"href":"https:\/\/www.ocorreionews.com.br\/acervo-correio\/index.php?rest_route=%2Fwp%2Fv2%2Ftags&post=16837"}],"curies":[{"name":"wp","href":"https:\/\/api.w.org\/{rel}","templated":true}]}}