{"id":168503,"date":"2021-03-04T16:31:50","date_gmt":"2021-03-04T20:31:50","guid":{"rendered":"https:\/\/www.ocorreionews.com.br\/acervo-correio\/?p=168503"},"modified":"2021-03-05T06:45:42","modified_gmt":"2021-03-05T10:45:42","slug":"com-novo-obito-boletim-traz-que-costa-rica-chega-aos-1-189-casos-confirmados-de-covid-19","status":"publish","type":"post","link":"https:\/\/www.ocorreionews.com.br\/acervo-correio\/?p=168503","title":{"rendered":"Com novo \u00f3bito Costa Rica chega aos 1.189 casos confirmados de Covid-19"},"content":{"rendered":"<div class=\"marginBottom30px link-Internas\">\n<p>Costa Rica \u2013 (MS) tem 1.182 casos confirmados da Covid-19 nesta quinta-feira(04). As informa\u00e7\u00f5es foram repassadas pela coordenadora de vigil\u00e2ncia em sa\u00fade, Laura Viviane Gomes de Oliveira Rodrigues, na atualiza\u00e7\u00e3o do boletim epidemiol\u00f3gico.<\/p>\n<p>Ao todo foram notificados 6.762 casos, 5.523 testaram negativo e 1.189 positivos (dezessete a mais), desses 1.078 j\u00e1 est\u00e3o curados (tr\u00eas) e 20 vieram a \u00f3bito (um mais).<\/p>\n<p>Outras 50 pessoas aguardam resultados de exames do Lacen\/MS \u2013 Laborat\u00f3rio Central Mato Grosso do Sul.<\/p>\n<p>Cinco pessoas est\u00e3o internadas em leito de UTI \u2013 Unidade de Terapia Intensiva- sendo quatro de Costa Rica e uma de Camapu\u00e3. Outra oitos pessoas est\u00e3o internadas em leitos cl\u00ednicos, sendo sete de Costa Rica e uma tamb\u00e9m de Camapu\u00e3.<\/p>\n<p>A Vigil\u00e2ncia Epidemiol\u00f3gica monitora 325 pessoas, entre elas est\u00e3o os casos positivos ativos, os casos que est\u00e3o aguardando resultados e casos de pessoas que tiveram contato com paciente positivo e est\u00e3o em isolamento domiciliar.<\/p>\n<p><a href=\"https:\/\/www.ocorreionews.com.br\/acervo-correio\/wp-content\/uploads\/2021\/03\/01.png\"><img loading=\"lazy\" decoding=\"async\" class=\"alignnone size-full wp-image-168504\" src=\"https:\/\/www.ocorreionews.com.br\/acervo-correio\/wp-content\/uploads\/2021\/03\/01.png\" alt=\"\" width=\"1080\" height=\"1080\" srcset=\"https:\/\/www.ocorreionews.com.br\/acervo-correio\/wp-content\/uploads\/2021\/03\/01.png 1080w, https:\/\/www.ocorreionews.com.br\/acervo-correio\/wp-content\/uploads\/2021\/03\/01-300x300.png 300w, https:\/\/www.ocorreionews.com.br\/acervo-correio\/wp-content\/uploads\/2021\/03\/01-1024x1024.png 1024w, https:\/\/www.ocorreionews.com.br\/acervo-correio\/wp-content\/uploads\/2021\/03\/01-150x150.png 150w, https:\/\/www.ocorreionews.com.br\/acervo-correio\/wp-content\/uploads\/2021\/03\/01-768x768.png 768w, https:\/\/www.ocorreionews.com.br\/acervo-correio\/wp-content\/uploads\/2021\/03\/01-100x100.png 100w\" sizes=\"auto, (max-width: 1080px) 100vw, 1080px\" \/><\/a><\/p>\n<p>&nbsp;<\/p>\n<p>&nbsp;<\/p>\n<p>&nbsp;<\/p>\n<\/div>\n<div class=\"marginBottom30px link-Internas\">ASSECOM\/PMCR<\/div>\n","protected":false},"excerpt":{"rendered":"<p>Costa Rica \u2013 (MS) tem 1.182 casos confirmados da Covid-19 nesta quinta-feira(04). As informa\u00e7\u00f5es foram repassadas pela coordenadora de vigil\u00e2ncia em sa\u00fade, Laura Viviane Gomes de Oliveira Rodrigues, na atualiza\u00e7\u00e3o do boletim epidemiol\u00f3gico. Ao todo foram notificados 6.762 casos, 5.523 testaram negativo e 1.189 positivos (dezessete a mais), desses 1.078 j\u00e1 est\u00e3o curados (tr\u00eas) e [&hellip;]<\/p>\n","protected":false},"author":5,"featured_media":156222,"comment_status":"closed","ping_status":"closed","sticky":false,"template":"","format":"standard","meta":{"footnotes":""},"categories":[25],"tags":[],"class_list":["post-168503","post","type-post","status-publish","format-standard","has-post-thumbnail","hentry","category-costa-rica"],"_links":{"self":[{"href":"https:\/\/www.ocorreionews.com.br\/acervo-correio\/index.php?rest_route=\/wp\/v2\/posts\/168503","targetHints":{"allow":["GET"]}}],"collection":[{"href":"https:\/\/www.ocorreionews.com.br\/acervo-correio\/index.php?rest_route=\/wp\/v2\/posts"}],"about":[{"href":"https:\/\/www.ocorreionews.com.br\/acervo-correio\/index.php?rest_route=\/wp\/v2\/types\/post"}],"author":[{"embeddable":true,"href":"https:\/\/www.ocorreionews.com.br\/acervo-correio\/index.php?rest_route=\/wp\/v2\/users\/5"}],"replies":[{"embeddable":true,"href":"https:\/\/www.ocorreionews.com.br\/acervo-correio\/index.php?rest_route=%2Fwp%2Fv2%2Fcomments&post=168503"}],"version-history":[{"count":1,"href":"https:\/\/www.ocorreionews.com.br\/acervo-correio\/index.php?rest_route=\/wp\/v2\/posts\/168503\/revisions"}],"predecessor-version":[{"id":168518,"href":"https:\/\/www.ocorreionews.com.br\/acervo-correio\/index.php?rest_route=\/wp\/v2\/posts\/168503\/revisions\/168518"}],"wp:featuredmedia":[{"embeddable":true,"href":"https:\/\/www.ocorreionews.com.br\/acervo-correio\/index.php?rest_route=\/wp\/v2\/media\/156222"}],"wp:attachment":[{"href":"https:\/\/www.ocorreionews.com.br\/acervo-correio\/index.php?rest_route=%2Fwp%2Fv2%2Fmedia&parent=168503"}],"wp:term":[{"taxonomy":"category","embeddable":true,"href":"https:\/\/www.ocorreionews.com.br\/acervo-correio\/index.php?rest_route=%2Fwp%2Fv2%2Fcategories&post=168503"},{"taxonomy":"post_tag","embeddable":true,"href":"https:\/\/www.ocorreionews.com.br\/acervo-correio\/index.php?rest_route=%2Fwp%2Fv2%2Ftags&post=168503"}],"curies":[{"name":"wp","href":"https:\/\/api.w.org\/{rel}","templated":true}]}}