{"id":168507,"date":"2021-03-04T16:36:12","date_gmt":"2021-03-04T20:36:12","guid":{"rendered":"https:\/\/www.ocorreionews.com.br\/acervo-correio\/?p=168507"},"modified":"2021-03-04T16:36:12","modified_gmt":"2021-03-04T20:36:12","slug":"costa-rica-divulga-os-nomes-dos-vacinados-contra-covid-19-na-cidade","status":"publish","type":"post","link":"https:\/\/www.ocorreionews.com.br\/acervo-correio\/?p=168507","title":{"rendered":"Costa Rica divulga os nomes dos vacinados contra Covid-19 na cidade"},"content":{"rendered":"<div class=\"marginBottom30px link-Internas\">\n<p>Com o objetivo de dar visibilidade e transpar\u00eancia ao Plano Municipal de Vacina\u00e7\u00e3o, o Munic\u00edpio de Costa Rica, atrav\u00e9s da Secretaria Municipal de Sa\u00fade, divulga diariamente as informa\u00e7\u00f5es de todas as pessoas que j\u00e1 receberam a vacina contra o Covid-19.<\/p>\n<p>Clique abaixo e confira as listas de pessoas vacinadas at\u00e9 esta quinta-feira (4):<\/p>\n<p><strong><a href=\"https:\/\/costarica.ms.gov.br\/up\/Noticia\/2021_03_04\/Noticia-1614884815_50866.pdf\">Primeira Dose<\/a><\/strong><\/p>\n<p><strong><a href=\"https:\/\/costarica.ms.gov.br\/up\/Noticia\/2021_03_04\/Noticia-1614884815_50867.pdf\">Segunda Dose<\/a><\/strong><\/p>\n<\/div>\n<p>&nbsp;<\/p>\n<p>&nbsp;<\/p>\n<p>&nbsp;<\/p>\n<div class=\"marginBottom30px link-Internas\">Assessoria de Comunica\u00e7\u00e3o<\/div>\n","protected":false},"excerpt":{"rendered":"<p>Com o objetivo de dar visibilidade e transpar\u00eancia ao Plano Municipal de Vacina\u00e7\u00e3o, o Munic\u00edpio de Costa Rica, atrav\u00e9s da Secretaria Municipal de Sa\u00fade, divulga diariamente as informa\u00e7\u00f5es de todas as pessoas que j\u00e1 receberam a vacina contra o Covid-19. Clique abaixo e confira as listas de pessoas vacinadas at\u00e9 esta quinta-feira (4): Primeira Dose [&hellip;]<\/p>\n","protected":false},"author":5,"featured_media":165097,"comment_status":"closed","ping_status":"closed","sticky":false,"template":"","format":"standard","meta":{"footnotes":""},"categories":[25],"tags":[],"class_list":["post-168507","post","type-post","status-publish","format-standard","has-post-thumbnail","hentry","category-costa-rica"],"_links":{"self":[{"href":"https:\/\/www.ocorreionews.com.br\/acervo-correio\/index.php?rest_route=\/wp\/v2\/posts\/168507","targetHints":{"allow":["GET"]}}],"collection":[{"href":"https:\/\/www.ocorreionews.com.br\/acervo-correio\/index.php?rest_route=\/wp\/v2\/posts"}],"about":[{"href":"https:\/\/www.ocorreionews.com.br\/acervo-correio\/index.php?rest_route=\/wp\/v2\/types\/post"}],"author":[{"embeddable":true,"href":"https:\/\/www.ocorreionews.com.br\/acervo-correio\/index.php?rest_route=\/wp\/v2\/users\/5"}],"replies":[{"embeddable":true,"href":"https:\/\/www.ocorreionews.com.br\/acervo-correio\/index.php?rest_route=%2Fwp%2Fv2%2Fcomments&post=168507"}],"version-history":[{"count":1,"href":"https:\/\/www.ocorreionews.com.br\/acervo-correio\/index.php?rest_route=\/wp\/v2\/posts\/168507\/revisions"}],"predecessor-version":[{"id":168508,"href":"https:\/\/www.ocorreionews.com.br\/acervo-correio\/index.php?rest_route=\/wp\/v2\/posts\/168507\/revisions\/168508"}],"wp:featuredmedia":[{"embeddable":true,"href":"https:\/\/www.ocorreionews.com.br\/acervo-correio\/index.php?rest_route=\/wp\/v2\/media\/165097"}],"wp:attachment":[{"href":"https:\/\/www.ocorreionews.com.br\/acervo-correio\/index.php?rest_route=%2Fwp%2Fv2%2Fmedia&parent=168507"}],"wp:term":[{"taxonomy":"category","embeddable":true,"href":"https:\/\/www.ocorreionews.com.br\/acervo-correio\/index.php?rest_route=%2Fwp%2Fv2%2Fcategories&post=168507"},{"taxonomy":"post_tag","embeddable":true,"href":"https:\/\/www.ocorreionews.com.br\/acervo-correio\/index.php?rest_route=%2Fwp%2Fv2%2Ftags&post=168507"}],"curies":[{"name":"wp","href":"https:\/\/api.w.org\/{rel}","templated":true}]}}