{"id":16954,"date":"2015-12-11T13:56:54","date_gmt":"2015-12-11T16:56:54","guid":{"rendered":"https:\/\/ocorreionews.com.br\/?p=16954"},"modified":"2015-12-11T15:31:11","modified_gmt":"2015-12-11T18:31:11","slug":"paraiso-das-aguas-concluiu-as-formaturas-da-rede-municipal-de-ensino-de-paraiso-das-aguas","status":"publish","type":"post","link":"https:\/\/www.ocorreionews.com.br\/acervo-correio\/?p=16954","title":{"rendered":"Para\u00edso das \u00c1guas concluiu as formaturas da rede municipal de ensino de Para\u00edso das \u00c1guas"},"content":{"rendered":"<p>Terminaram ontem, dia 10 de dezembro as formaturas das escolas municipais de Para\u00edso das \u00c1guas.<\/p>\n<p>Desde a \u00faltima sexta-feira, dia 04, as formaturas est\u00e3o acontecendo no munic\u00edpio, e, a\u00a0primeira turma a receber o certificado de conclus\u00e3o de curso foi da Escola Municipal Lizete Riveli Alpe- Extens\u00e3o Projeto Alto Sucuriu localizada no Incra, que, \u00a0formou nove alunos do pr\u00e9 II.<\/p>\n<p>Na ter\u00e7a-feira dia 08, foi a vez da Escola Municipal Joaquim C\u00e2ndido, localizada no distrito de Bela Alvorada(Copper) entregar 27 certificados para os alunos do pr\u00e9 II e 9 para os estudantes do nono ano.<\/p>\n<p>No dia 09, quarta-feira, a Escola Municipal \u00a0Juscelino Ferreira Guimar\u00e3es, localizada no distrito de Pouso Alto fez uma linda recep\u00e7\u00e3o para pais e professores dos 21 formandos da institui\u00e7\u00e3o.<\/p>\n<p>Fechando as formaturas do ano de 2015, a Escola Municipal Professora Lizete Rivelli Alpe- Polo, realizou ontem, dia 10, \u00a0no sal\u00e3o do Clube do La\u00e7o a formatura de 54 alunos da escola.<\/p>\n<p>Entre os presentes estavam os familiares dos formandos, secret\u00e1rios municipais, vereadores e, o Prefeito de Para\u00edso das \u00c1guas, Ivan da Cruz Pereira, que esteve participando de todas as formaturas da rede municipal de ensino.<\/p>\n<p>Na ocasi\u00e3o, diretores e coordenadores enalteceram o trabalho da equipe e agradeceram cada um pela dedica\u00e7\u00e3o na organiza\u00e7\u00e3o dos eventos.<\/p>\n<p>O chefe do executivo Ivan Xixi cumprimentou os formandos, seus familiares, os professores e mencionou a import\u00e2ncia da uni\u00e3o de uma equipe para as conquistas realizadas.<\/p>\n<p>\u201c Tudo que conquistamos \u00e9 gra\u00e7as aos esfor\u00e7os de uma equipe, e da uni\u00e3o dos poderes executivo e legislativo que juntos buscam o melhor para a popula\u00e7\u00e3o. Momentos como este nos deixa muito felizes e com a certeza de que estamos no caminho certo. Quero aproveitar e \u00a0dizer aos formandos que, \u00a0enquanto houver vontade de lutar existe a esperan\u00e7a de vencer e quero ressaltar mais uma vez que, \u00a0o mais importante da nossa gest\u00e3o s\u00e3o as pessoas e as fam\u00edlias do nosso munic\u00edpio. Um feliz natal e um ano novo repleto de realiza\u00e7\u00f5es\u201d, finalizou o Prefeito.<\/p>\n<p>&nbsp;<\/p>\n<p><a href=\"https:\/\/ocorreionews.com.br\/wp-content\/uploads\/2015\/12\/formandosparaiso_2015b.jpg\" rel=\"attachment wp-att-16981\"><img loading=\"lazy\" decoding=\"async\" class=\"alignnone wp-image-16981 size-full\" src=\"https:\/\/ocorreionews.com.br\/wp-content\/uploads\/2015\/12\/formandosparaiso_2015b.jpg\" alt=\"formandosparaiso_2015b\" width=\"604\" height=\"400\" srcset=\"https:\/\/www.ocorreionews.com.br\/acervo-correio\/wp-content\/uploads\/2015\/12\/formandosparaiso_2015b.jpg 604w, https:\/\/www.ocorreionews.com.br\/acervo-correio\/wp-content\/uploads\/2015\/12\/formandosparaiso_2015b-300x199.jpg 300w\" sizes=\"auto, (max-width: 604px) 100vw, 604px\" \/><\/a><\/p>\n<p><a href=\"https:\/\/ocorreionews.com.br\/wp-content\/uploads\/2015\/12\/formandosparaiso_2015c.jpg\" rel=\"attachment wp-att-16983\"><img loading=\"lazy\" decoding=\"async\" class=\"alignnone wp-image-16983 size-full\" src=\"https:\/\/ocorreionews.com.br\/wp-content\/uploads\/2015\/12\/formandosparaiso_2015c.jpg\" alt=\"formandosparaiso_2015c\" width=\"604\" height=\"400\" srcset=\"https:\/\/www.ocorreionews.com.br\/acervo-correio\/wp-content\/uploads\/2015\/12\/formandosparaiso_2015c.jpg 604w, https:\/\/www.ocorreionews.com.br\/acervo-correio\/wp-content\/uploads\/2015\/12\/formandosparaiso_2015c-300x199.jpg 300w\" sizes=\"auto, (max-width: 604px) 100vw, 604px\" \/><\/a><\/p>\n<p>ASSECOM- Prefeitura Municipal de Para\u00edso das \u00c1guas- MS<\/p>\n","protected":false},"excerpt":{"rendered":"<p>Terminaram ontem, dia 10 de dezembro as formaturas das escolas municipais de Para\u00edso das \u00c1guas. Desde a \u00faltima sexta-feira, dia 04, as formaturas est\u00e3o acontecendo no munic\u00edpio, e, a\u00a0primeira turma a receber o certificado de conclus\u00e3o de curso foi da Escola Municipal Lizete Riveli Alpe- Extens\u00e3o Projeto Alto Sucuriu localizada no Incra, que, \u00a0formou nove [&hellip;]<\/p>\n","protected":false},"author":4,"featured_media":16955,"comment_status":"closed","ping_status":"closed","sticky":false,"template":"","format":"standard","meta":{"footnotes":""},"categories":[36],"tags":[],"class_list":["post-16954","post","type-post","status-publish","format-standard","has-post-thumbnail","hentry","category-paraiso-das-aguas"],"_links":{"self":[{"href":"https:\/\/www.ocorreionews.com.br\/acervo-correio\/index.php?rest_route=\/wp\/v2\/posts\/16954","targetHints":{"allow":["GET"]}}],"collection":[{"href":"https:\/\/www.ocorreionews.com.br\/acervo-correio\/index.php?rest_route=\/wp\/v2\/posts"}],"about":[{"href":"https:\/\/www.ocorreionews.com.br\/acervo-correio\/index.php?rest_route=\/wp\/v2\/types\/post"}],"author":[{"embeddable":true,"href":"https:\/\/www.ocorreionews.com.br\/acervo-correio\/index.php?rest_route=\/wp\/v2\/users\/4"}],"replies":[{"embeddable":true,"href":"https:\/\/www.ocorreionews.com.br\/acervo-correio\/index.php?rest_route=%2Fwp%2Fv2%2Fcomments&post=16954"}],"version-history":[{"count":0,"href":"https:\/\/www.ocorreionews.com.br\/acervo-correio\/index.php?rest_route=\/wp\/v2\/posts\/16954\/revisions"}],"wp:featuredmedia":[{"embeddable":true,"href":"https:\/\/www.ocorreionews.com.br\/acervo-correio\/index.php?rest_route=\/wp\/v2\/media\/16955"}],"wp:attachment":[{"href":"https:\/\/www.ocorreionews.com.br\/acervo-correio\/index.php?rest_route=%2Fwp%2Fv2%2Fmedia&parent=16954"}],"wp:term":[{"taxonomy":"category","embeddable":true,"href":"https:\/\/www.ocorreionews.com.br\/acervo-correio\/index.php?rest_route=%2Fwp%2Fv2%2Fcategories&post=16954"},{"taxonomy":"post_tag","embeddable":true,"href":"https:\/\/www.ocorreionews.com.br\/acervo-correio\/index.php?rest_route=%2Fwp%2Fv2%2Ftags&post=16954"}],"curies":[{"name":"wp","href":"https:\/\/api.w.org\/{rel}","templated":true}]}}