{"id":170131,"date":"2021-03-21T07:02:12","date_gmt":"2021-03-21T11:02:12","guid":{"rendered":"https:\/\/www.ocorreionews.com.br\/acervo-correio\/?p=170131"},"modified":"2021-03-21T07:02:12","modified_gmt":"2021-03-21T11:02:12","slug":"bombeiros-socorrem-mulher-que-colidiu-carro-apos-se-sentir-mal-ao-volante","status":"publish","type":"post","link":"https:\/\/www.ocorreionews.com.br\/acervo-correio\/?p=170131","title":{"rendered":"Bombeiros socorrem mulher que colidiu carro ap\u00f3s se sentir mal ao volante"},"content":{"rendered":"<p>No final da manh\u00e3 deste s\u00e1bado, 20 de mar\u00e7o, uma mulher, com 46 anos de idade ficou ferida ap\u00f3s bater o carro que dirigia na traseira de uma carreta tipo ca\u00e7amba, em Chapad\u00e3o do Sul.<\/p>\n<p>A motorista trafegava pela Avenida Paran\u00e1, quando teria passado mal e colidiu um Ford Fiesta Class que dirigia pela Avenida Paran\u00e1 na carreta que estava estacionada.<\/p>\n<figure class=\"wp-block-image size-large\"><img loading=\"lazy\" decoding=\"async\" class=\"wp-image-11306\" src=\"https:\/\/jovemsulnews.com.br\/wp-content\/uploads\/2021\/03\/FOR-CLASS-BATIDO-02-1024x768.jpeg\" sizes=\"auto, (max-width: 1024px) 100vw, 1024px\" srcset=\"https:\/\/jovemsulnews.com.br\/wp-content\/uploads\/2021\/03\/FOR-CLASS-BATIDO-02-1024x768.jpeg 1024w, https:\/\/jovemsulnews.com.br\/wp-content\/uploads\/2021\/03\/FOR-CLASS-BATIDO-02-300x225.jpeg 300w, https:\/\/jovemsulnews.com.br\/wp-content\/uploads\/2021\/03\/FOR-CLASS-BATIDO-02-768x576.jpeg 768w, https:\/\/jovemsulnews.com.br\/wp-content\/uploads\/2021\/03\/FOR-CLASS-BATIDO-02-305x229.jpeg 305w, https:\/\/jovemsulnews.com.br\/wp-content\/uploads\/2021\/03\/FOR-CLASS-BATIDO-02-387x290.jpeg 387w, https:\/\/jovemsulnews.com.br\/wp-content\/uploads\/2021\/03\/FOR-CLASS-BATIDO-02-600x450.jpeg 600w, https:\/\/jovemsulnews.com.br\/wp-content\/uploads\/2021\/03\/FOR-CLASS-BATIDO-02-124x94.jpeg 124w, https:\/\/jovemsulnews.com.br\/wp-content\/uploads\/2021\/03\/FOR-CLASS-BATIDO-02.jpeg 1152w\" alt=\"\" width=\"1024\" height=\"768\" \/><\/figure>\n<p>No acidente a mulher ficou ferida e o Corpo de Bombeiros foi acionado. Ela foi levada ao Pronto Socorro do Hospital Municipal de Chapad\u00e3o do Sul com ferimentos no joelho e cotovelo esquerdos. Ela ainda reclamava de dores no peito, consequ\u00eancia da batida no volante do seu ve\u00edculo. Quando socorrida pelos Bombeiros ela estava consciente e orientada.<\/p>\n<p><em>Fonte: Jovemsulnews <\/em><\/p>\n","protected":false},"excerpt":{"rendered":"<p>No final da manh\u00e3 deste s\u00e1bado, 20 de mar\u00e7o, uma mulher, com 46 anos de idade ficou ferida ap\u00f3s bater o carro que dirigia na traseira de uma carreta tipo ca\u00e7amba, em Chapad\u00e3o do Sul. A motorista trafegava pela Avenida Paran\u00e1, quando teria passado mal e colidiu um Ford Fiesta Class que dirigia pela Avenida [&hellip;]<\/p>\n","protected":false},"author":4,"featured_media":170132,"comment_status":"closed","ping_status":"closed","sticky":false,"template":"","format":"standard","meta":{"footnotes":""},"categories":[38],"tags":[],"class_list":["post-170131","post","type-post","status-publish","format-standard","has-post-thumbnail","hentry","category-policia"],"_links":{"self":[{"href":"https:\/\/www.ocorreionews.com.br\/acervo-correio\/index.php?rest_route=\/wp\/v2\/posts\/170131","targetHints":{"allow":["GET"]}}],"collection":[{"href":"https:\/\/www.ocorreionews.com.br\/acervo-correio\/index.php?rest_route=\/wp\/v2\/posts"}],"about":[{"href":"https:\/\/www.ocorreionews.com.br\/acervo-correio\/index.php?rest_route=\/wp\/v2\/types\/post"}],"author":[{"embeddable":true,"href":"https:\/\/www.ocorreionews.com.br\/acervo-correio\/index.php?rest_route=\/wp\/v2\/users\/4"}],"replies":[{"embeddable":true,"href":"https:\/\/www.ocorreionews.com.br\/acervo-correio\/index.php?rest_route=%2Fwp%2Fv2%2Fcomments&post=170131"}],"version-history":[{"count":1,"href":"https:\/\/www.ocorreionews.com.br\/acervo-correio\/index.php?rest_route=\/wp\/v2\/posts\/170131\/revisions"}],"predecessor-version":[{"id":170133,"href":"https:\/\/www.ocorreionews.com.br\/acervo-correio\/index.php?rest_route=\/wp\/v2\/posts\/170131\/revisions\/170133"}],"wp:featuredmedia":[{"embeddable":true,"href":"https:\/\/www.ocorreionews.com.br\/acervo-correio\/index.php?rest_route=\/wp\/v2\/media\/170132"}],"wp:attachment":[{"href":"https:\/\/www.ocorreionews.com.br\/acervo-correio\/index.php?rest_route=%2Fwp%2Fv2%2Fmedia&parent=170131"}],"wp:term":[{"taxonomy":"category","embeddable":true,"href":"https:\/\/www.ocorreionews.com.br\/acervo-correio\/index.php?rest_route=%2Fwp%2Fv2%2Fcategories&post=170131"},{"taxonomy":"post_tag","embeddable":true,"href":"https:\/\/www.ocorreionews.com.br\/acervo-correio\/index.php?rest_route=%2Fwp%2Fv2%2Ftags&post=170131"}],"curies":[{"name":"wp","href":"https:\/\/api.w.org\/{rel}","templated":true}]}}