{"id":170135,"date":"2021-03-21T07:09:21","date_gmt":"2021-03-21T11:09:21","guid":{"rendered":"https:\/\/www.ocorreionews.com.br\/acervo-correio\/?p=170135"},"modified":"2021-03-21T07:09:21","modified_gmt":"2021-03-21T11:09:21","slug":"queda-de-aviao-de-pequeno-porte-mata-dois-empresarios-em-cascavel-dizem-bombeiros","status":"publish","type":"post","link":"https:\/\/www.ocorreionews.com.br\/acervo-correio\/?p=170135","title":{"rendered":"Queda de avi\u00e3o de pequeno porte mata dois empres\u00e1rios, em Cascavel, dizem bombeiros"},"content":{"rendered":"<div class=\"mc-column content-text active-extra-styles \" data-block-type=\"unstyled\" data-block-weight=\"34\" data-block-id=\"2\">\n<p class=\"content-text__container \" data-track-category=\"Link no Texto\" data-track-links=\"\">Dois homens morreram ap\u00f3s um avi\u00e3o de pequeno porte cair pr\u00f3ximo a um aeroclube de Cascavel, no oeste do Paran\u00e1, \u00e0s margens da PR-486, na noite deste s\u00e1bado (20), segundo o Corpo de Bombeiros.<\/p>\n<\/div>\n<div class=\"wall protected-content\">\n<div class=\"mc-column content-text active-extra-styles \" data-block-type=\"unstyled\" data-block-weight=\"19\" data-block-id=\"3\">\n<p class=\"content-text__container \" data-track-category=\"Link no Texto\" data-track-links=\"\">O avi\u00e3o caiu por volta das 19h. Na aeronave, segundo os bombeiros, estavam dois empres\u00e1rios, que morreram no local.<\/p>\n<\/div>\n<div class=\"mc-column content-text active-extra-styles \" data-block-type=\"unstyled\" data-block-weight=\"31\" data-block-id=\"4\">\n<p class=\"content-text__container \" data-track-category=\"Link no Texto\" data-track-links=\"\">Com o impacto da queda, a cabine do avi\u00e3o foi destru\u00edda, em uma \u00e1rea de planta\u00e7\u00e3o. O motivo do acidente ser\u00e1 investigado. Segundo o registro, a aeronave foi fabricada em 2014.<\/p>\n<\/div>\n<div class=\"row medium-uncollapsed content-media content-photo\" data-block-type=\"backstage-photo\" data-block-id=\"5\">\n<div class=\"mc-column content-media__container\">\n<div class=\"content-media-container glb-skeleton-box\">\n<figure class=\"content-media-figure\"><img decoding=\"async\" class=\"i-amphtml-fill-content i-amphtml-replaced-content\" src=\"https:\/\/s2.glbimg.com\/k835EiSZ2dlrTBHVhLr_jCG0O58=\/0x0:1280x960\/984x0\/smart\/filters:strip_icc()\/i.s3.glbimg.com\/v1\/AUTH_59edd422c0c84a879bd37670ae4f538a\/internal_photos\/bs\/2021\/0\/W\/WTGxgqTxS6liGBUJQBIA\/queda-aviao-cvel-4.jpeg\" sizes=\"(max-width: 1366px) 648px, 100vw\" srcset=\"https:\/\/s2.glbimg.com\/1D9R89KmK-C6m4Lv7dUagwTVu8w=\/0x0:1280x960\/1000x0\/smart\/filters:strip_icc()\/i.s3.glbimg.com\/v1\/AUTH_59edd422c0c84a879bd37670ae4f538a\/internal_photos\/bs\/2021\/0\/W\/WTGxgqTxS6liGBUJQBIA\/queda-aviao-cvel-4.jpeg 1000w, https:\/\/s2.glbimg.com\/k835EiSZ2dlrTBHVhLr_jCG0O58=\/0x0:1280x960\/984x0\/smart\/filters:strip_icc()\/i.s3.glbimg.com\/v1\/AUTH_59edd422c0c84a879bd37670ae4f538a\/internal_photos\/bs\/2021\/0\/W\/WTGxgqTxS6liGBUJQBIA\/queda-aviao-cvel-4.jpeg 984w, https:\/\/s2.glbimg.com\/ukag3EI9GQzFJzQT_9-a9ysKxy0=\/0x0:1280x960\/640x0\/smart\/filters:strip_icc()\/i.s3.glbimg.com\/v1\/AUTH_59edd422c0c84a879bd37670ae4f538a\/internal_photos\/bs\/2021\/0\/W\/WTGxgqTxS6liGBUJQBIA\/queda-aviao-cvel-4.jpeg 640w, https:\/\/s2.glbimg.com\/my81_fzsD8jHbMOCJ-EJjITJno0=\/0x0:1280x960\/600x0\/smart\/filters:strip_icc()\/i.s3.glbimg.com\/v1\/AUTH_59edd422c0c84a879bd37670ae4f538a\/internal_photos\/bs\/2021\/0\/W\/WTGxgqTxS6liGBUJQBIA\/queda-aviao-cvel-4.jpeg 600w\" alt=\"Acidente a\u00e9reo aconteceu por volta das 19h, em Cascavel, segundo os bombeiros \u2014 Foto: Giovan Valiati\/RPC\" \/><\/figure>\n<\/div>\n<p class=\"content-media__description \">Acidente a\u00e9reo aconteceu por volta das 19h, em Cascavel, segundo os bombeiros \u2014 Foto: Giovan Valiati\/RPC<\/p>\n<\/div>\n<\/div>\n<div class=\"mc-column content-text active-extra-styles \" data-block-type=\"unstyled\" data-block-weight=\"31\" data-block-id=\"6\">\n<p class=\"content-text__container \" data-track-category=\"Link no Texto\" data-track-links=\"\">At\u00e9 a publica\u00e7\u00e3o desta reportagem, as v\u00edtimas n\u00e3o tinham sido identificadas oficialmente. No local, os bombeiros informaram que o propriet\u00e1rio do avi\u00e3o, empres\u00e1rio dono de uma escola, foi uma das v\u00edtimas.<\/p>\n<\/div>\n<div class=\"content-ads content-ads--reveal\" data-block-type=\"ads\" data-block-id=\"7\">\n<div id=\"banner_materia2\" class=\"tag-manager-publicidade-container mc-has-reveal mc-has-ad-lazyload tag-manager-publicidade-banner_materia2 tag-manager-publicidade-container--carregado tag-manager-publicidade-container--visivel\" data-id=\"banner_materia2\" data-req=\"true\" data-google-query-id=\"CMzwtJqfwe8CFSoyuQYdNY8A8A\" data-cid=\"138343542863\" data-lid=\"5647627829\">\n<div id=\"google_ads_iframe_\/95377733\/tvg_G1\/Sua_Regiao&gt;Sul&gt;Parana_(Oeste_e_Sudoeste)_3__container__\"><\/div>\n<\/div>\n<\/div>\n<div class=\"mc-column content-text active-extra-styles \" data-block-type=\"unstyled\" data-block-weight=\"10\" data-block-id=\"8\">\n<p class=\"content-text__container \" data-track-category=\"Link no Texto\" data-track-links=\"\">Os corpos foram levados ao Instituto M\u00e9dico-Legal (IML) de Cascavel.<\/p>\n<\/div>\n<div class=\"row medium-uncollapsed content-media content-photo\" data-block-type=\"backstage-photo\" data-block-id=\"9\">\n<div class=\"mc-column content-media__container\">\n<div class=\"content-media-container glb-skeleton-box\">\n<figure class=\"content-media-figure\"><img decoding=\"async\" class=\"i-amphtml-fill-content i-amphtml-replaced-content\" src=\"https:\/\/s2.glbimg.com\/EL5-iH_Z5bRbIoqBpg-SkA6qQHU=\/0x0:1280x960\/984x0\/smart\/filters:strip_icc()\/i.s3.glbimg.com\/v1\/AUTH_59edd422c0c84a879bd37670ae4f538a\/internal_photos\/bs\/2021\/u\/y\/GOO3iGTTABDYK1AzhERQ\/queda-aviao-cvel-3.jpeg\" sizes=\"(max-width: 1366px) 648px, 100vw\" srcset=\"https:\/\/s2.glbimg.com\/C2FzA0AcwxGsiCqCN1bKLrBLz2M=\/0x0:1280x960\/1000x0\/smart\/filters:strip_icc()\/i.s3.glbimg.com\/v1\/AUTH_59edd422c0c84a879bd37670ae4f538a\/internal_photos\/bs\/2021\/u\/y\/GOO3iGTTABDYK1AzhERQ\/queda-aviao-cvel-3.jpeg 1000w, https:\/\/s2.glbimg.com\/EL5-iH_Z5bRbIoqBpg-SkA6qQHU=\/0x0:1280x960\/984x0\/smart\/filters:strip_icc()\/i.s3.glbimg.com\/v1\/AUTH_59edd422c0c84a879bd37670ae4f538a\/internal_photos\/bs\/2021\/u\/y\/GOO3iGTTABDYK1AzhERQ\/queda-aviao-cvel-3.jpeg 984w, https:\/\/s2.glbimg.com\/hgPwPyiLoqhqVR2Wep6F-9OZEpM=\/0x0:1280x960\/640x0\/smart\/filters:strip_icc()\/i.s3.glbimg.com\/v1\/AUTH_59edd422c0c84a879bd37670ae4f538a\/internal_photos\/bs\/2021\/u\/y\/GOO3iGTTABDYK1AzhERQ\/queda-aviao-cvel-3.jpeg 640w, https:\/\/s2.glbimg.com\/lKVophoAIR6HI5BZJJf5ZSj_YNI=\/0x0:1280x960\/600x0\/smart\/filters:strip_icc()\/i.s3.glbimg.com\/v1\/AUTH_59edd422c0c84a879bd37670ae4f538a\/internal_photos\/bs\/2021\/u\/y\/GOO3iGTTABDYK1AzhERQ\/queda-aviao-cvel-3.jpeg 600w\" alt=\"Dois empres\u00e1rios estavam no avi\u00e3o que caiu, em uma \u00e1rea rural de Cascavel, na noite deste s\u00e1bado (20) \u2014 Foto: Adriana Calicchio\/RPC\" \/><\/figure>\n<\/div>\n<p class=\"content-media__description \">Dois empres\u00e1rios estavam no avi\u00e3o que caiu, em uma \u00e1rea rural de Cascavel, na noite deste s\u00e1bado (20) \u2014 Foto: Adriana Calicchio\/RPC<\/p>\n<p>Por G1 PR e RPC Cascavel<\/p>\n<\/div>\n<\/div>\n<\/div>\n","protected":false},"excerpt":{"rendered":"<p>Dois homens morreram ap\u00f3s um avi\u00e3o de pequeno porte cair pr\u00f3ximo a um aeroclube de Cascavel, no oeste do Paran\u00e1, \u00e0s margens da PR-486, na noite deste s\u00e1bado (20), segundo o Corpo de Bombeiros. O avi\u00e3o caiu por volta das 19h. Na aeronave, segundo os bombeiros, estavam dois empres\u00e1rios, que morreram no local. Com o [&hellip;]<\/p>\n","protected":false},"author":4,"featured_media":170136,"comment_status":"closed","ping_status":"closed","sticky":false,"template":"","format":"standard","meta":{"footnotes":""},"categories":[38],"tags":[],"class_list":["post-170135","post","type-post","status-publish","format-standard","has-post-thumbnail","hentry","category-policia"],"_links":{"self":[{"href":"https:\/\/www.ocorreionews.com.br\/acervo-correio\/index.php?rest_route=\/wp\/v2\/posts\/170135","targetHints":{"allow":["GET"]}}],"collection":[{"href":"https:\/\/www.ocorreionews.com.br\/acervo-correio\/index.php?rest_route=\/wp\/v2\/posts"}],"about":[{"href":"https:\/\/www.ocorreionews.com.br\/acervo-correio\/index.php?rest_route=\/wp\/v2\/types\/post"}],"author":[{"embeddable":true,"href":"https:\/\/www.ocorreionews.com.br\/acervo-correio\/index.php?rest_route=\/wp\/v2\/users\/4"}],"replies":[{"embeddable":true,"href":"https:\/\/www.ocorreionews.com.br\/acervo-correio\/index.php?rest_route=%2Fwp%2Fv2%2Fcomments&post=170135"}],"version-history":[{"count":1,"href":"https:\/\/www.ocorreionews.com.br\/acervo-correio\/index.php?rest_route=\/wp\/v2\/posts\/170135\/revisions"}],"predecessor-version":[{"id":170137,"href":"https:\/\/www.ocorreionews.com.br\/acervo-correio\/index.php?rest_route=\/wp\/v2\/posts\/170135\/revisions\/170137"}],"wp:featuredmedia":[{"embeddable":true,"href":"https:\/\/www.ocorreionews.com.br\/acervo-correio\/index.php?rest_route=\/wp\/v2\/media\/170136"}],"wp:attachment":[{"href":"https:\/\/www.ocorreionews.com.br\/acervo-correio\/index.php?rest_route=%2Fwp%2Fv2%2Fmedia&parent=170135"}],"wp:term":[{"taxonomy":"category","embeddable":true,"href":"https:\/\/www.ocorreionews.com.br\/acervo-correio\/index.php?rest_route=%2Fwp%2Fv2%2Fcategories&post=170135"},{"taxonomy":"post_tag","embeddable":true,"href":"https:\/\/www.ocorreionews.com.br\/acervo-correio\/index.php?rest_route=%2Fwp%2Fv2%2Ftags&post=170135"}],"curies":[{"name":"wp","href":"https:\/\/api.w.org\/{rel}","templated":true}]}}