{"id":170141,"date":"2021-03-21T09:03:30","date_gmt":"2021-03-21T13:03:30","guid":{"rendered":"https:\/\/www.ocorreionews.com.br\/acervo-correio\/?p=170141"},"modified":"2021-03-21T09:06:47","modified_gmt":"2021-03-21T13:06:47","slug":"fisioterapeuta-coloca-seus-servicos-gratis-para-ajudar-pacientes-na-recuperacao-do-covid-19","status":"publish","type":"post","link":"https:\/\/www.ocorreionews.com.br\/acervo-correio\/?p=170141","title":{"rendered":"Fisioterapeuta coloca seus servi\u00e7os gr\u00e1tis para ajudar pacientes na recupera\u00e7\u00e3o do Covid-19"},"content":{"rendered":"<div dir=\"auto\">O fisioterapeuta\u00a0 Uelton Correia Matias, de Chapad\u00e3o do Sul, postou em seu face uma mensagem que merece ser registrada e elogiada a sua atitude em ajudar o pr\u00f3ximo, nesse momento dif\u00edcil em que parte da popula\u00e7\u00e3o sul-chapadense esta vivendo.<\/div>\n<div dir=\"auto\">Veja abaixo a postagem do fisioterapeuta:<\/div>\n<div dir=\"auto\"><\/div>\n<div dir=\"auto\">&#8220;Boa noite pessoal,sou fisioterapeuta,e estava pensando uma forma de tentar contribuir com os pacientes que Deus aben\u00e7oou em dar mais uma chance de viver.<\/div>\n<div dir=\"auto\">Quem precisar reabilita\u00e7\u00e3o de fisioterapia respirat\u00f3ria e n\u00e3o tem condi\u00e7\u00e3o de pagar.<\/div>\n<div dir=\"auto\">Pode contar comigo,as vezes meus colegas est\u00e3o sobre carregado, vou ter o maior prazer em ajudar.Em chapad\u00e3o do Sul.&#8221;<\/div>\n<div dir=\"auto\"><\/div>\n<div dir=\"auto\"><strong>contato no face<\/strong><\/div>\n","protected":false},"excerpt":{"rendered":"<p>O fisioterapeuta\u00a0 Uelton Correia Matias, de Chapad\u00e3o do Sul, postou em seu face uma mensagem que merece ser registrada e elogiada a sua atitude em ajudar o pr\u00f3ximo, nesse momento dif\u00edcil em que parte da popula\u00e7\u00e3o sul-chapadense esta vivendo. Veja abaixo a postagem do fisioterapeuta: &#8220;Boa noite pessoal,sou fisioterapeuta,e estava pensando uma forma de tentar [&hellip;]<\/p>\n","protected":false},"author":4,"featured_media":170143,"comment_status":"closed","ping_status":"closed","sticky":false,"template":"","format":"standard","meta":{"footnotes":""},"categories":[23,41,39],"tags":[],"class_list":["post-170141","post","type-post","status-publish","format-standard","has-post-thumbnail","hentry","category-chapadao-do-sul","category-destaque","category-saude"],"_links":{"self":[{"href":"https:\/\/www.ocorreionews.com.br\/acervo-correio\/index.php?rest_route=\/wp\/v2\/posts\/170141","targetHints":{"allow":["GET"]}}],"collection":[{"href":"https:\/\/www.ocorreionews.com.br\/acervo-correio\/index.php?rest_route=\/wp\/v2\/posts"}],"about":[{"href":"https:\/\/www.ocorreionews.com.br\/acervo-correio\/index.php?rest_route=\/wp\/v2\/types\/post"}],"author":[{"embeddable":true,"href":"https:\/\/www.ocorreionews.com.br\/acervo-correio\/index.php?rest_route=\/wp\/v2\/users\/4"}],"replies":[{"embeddable":true,"href":"https:\/\/www.ocorreionews.com.br\/acervo-correio\/index.php?rest_route=%2Fwp%2Fv2%2Fcomments&post=170141"}],"version-history":[{"count":1,"href":"https:\/\/www.ocorreionews.com.br\/acervo-correio\/index.php?rest_route=\/wp\/v2\/posts\/170141\/revisions"}],"predecessor-version":[{"id":170149,"href":"https:\/\/www.ocorreionews.com.br\/acervo-correio\/index.php?rest_route=\/wp\/v2\/posts\/170141\/revisions\/170149"}],"wp:featuredmedia":[{"embeddable":true,"href":"https:\/\/www.ocorreionews.com.br\/acervo-correio\/index.php?rest_route=\/wp\/v2\/media\/170143"}],"wp:attachment":[{"href":"https:\/\/www.ocorreionews.com.br\/acervo-correio\/index.php?rest_route=%2Fwp%2Fv2%2Fmedia&parent=170141"}],"wp:term":[{"taxonomy":"category","embeddable":true,"href":"https:\/\/www.ocorreionews.com.br\/acervo-correio\/index.php?rest_route=%2Fwp%2Fv2%2Fcategories&post=170141"},{"taxonomy":"post_tag","embeddable":true,"href":"https:\/\/www.ocorreionews.com.br\/acervo-correio\/index.php?rest_route=%2Fwp%2Fv2%2Ftags&post=170141"}],"curies":[{"name":"wp","href":"https:\/\/api.w.org\/{rel}","templated":true}]}}