{"id":170156,"date":"2021-03-21T07:15:05","date_gmt":"2021-03-21T11:15:05","guid":{"rendered":"https:\/\/www.ocorreionews.com.br\/acervo-correio\/?p=170156"},"modified":"2021-03-21T09:17:03","modified_gmt":"2021-03-21T13:17:03","slug":"ministerio-da-saude-muda-orientacao-e-pede-que-estados-nao-reservem-2a-dose","status":"publish","type":"post","link":"https:\/\/www.ocorreionews.com.br\/acervo-correio\/?p=170156","title":{"rendered":"Minist\u00e9rio da Sa\u00fade muda orienta\u00e7\u00e3o e pede que Estados n\u00e3o reservem 2\u00aa dose"},"content":{"rendered":"<p>Criticado pela demora no ritmo de vacina\u00e7\u00e3o contra a covid-19 no Pa\u00eds, o governo emitiu nova diretriz para priorizar a aplica\u00e7\u00e3o das primeiras doses \u00e0 popula\u00e7\u00e3o, sem guardar a segunda dose necess\u00e1ria para complementar a imuniza\u00e7\u00e3o. At\u00e9 agora, a orienta\u00e7\u00e3o era reservar metade das vacinas para aplica\u00e7\u00e3o das segundas doses dentro do per\u00edodo recomendado.<\/p>\n<p>A nova orienta\u00e7\u00e3o foi feita em um informe t\u00e9cnico do Minist\u00e9rio da Sa\u00fade no qual a pasta anunciou a distribui\u00e7\u00e3o de mais 3,99 milh\u00f5es de vacinas da Sinovac\/Instituto Butantan e mais 1 milh\u00e3o da AstraZeneca\/Fiocruz entre os 26 Estados e o Distrito Federal. Todas essas vacinas ser\u00e3o aplicadas como primeiras doses.<\/p>\n<p>Essa mudan\u00e7a diz respeito \u00e0 Coronavac, cuja segunda dose deve ser aplicada em at\u00e9 quatro semanas para completar o esquema vacinal. As vacinas da Oxford\/Astrazeneca, por sua vez, j\u00e1 vinham sendo aplicadas sem reserva, devido ao intervalo de at\u00e9 quatro meses entre a primeira e a segunda doses.<\/p>\n<p>O ministro da Sa\u00fade, Eduardo Pazuello, havia dito a prefeitos, em 19 de fevereiro, que n\u00e3o seria mais necess\u00e1rio guardar as segundas doses da vacina da Coronavac, pois o fluxo de entrega de novos lotes permitiria repor estoques a tempo de completar a imuniza\u00e7\u00e3o. Cinco dias depois, no entanto, o Minist\u00e9rio da Sa\u00fade recuou caso as novas vacinas n\u00e3o chegassem a tempo da aplica\u00e7\u00e3o da segunda dose.<\/p>\n<p>Na nova orienta\u00e7\u00e3o, o Minist\u00e9rio da Sa\u00fade ressalva que ser\u00e3o feitas reuni\u00f5es semanais com os conselhos de sa\u00fade e representantes de secretarias estaduais e municipais para avaliar os prazos de cumprimento das entregas dos imunizantes, de forma a evitar falta de segundas doses de vacinas. A continuidade da prioriza\u00e7\u00e3o da aplica\u00e7\u00e3o das primeiras doses depende do ritmo de produ\u00e7\u00e3o e entrega das vacinas esperadas pelo minist\u00e9rio.<\/p>\n<p>No mesmo informe, o Minist\u00e9rio da Sa\u00fade citou tamb\u00e9m uma estimativa de recebimento de uma nova carga de 1 milh\u00e3o de vacinas neste domingo, 21, e outra de 1,9 milh\u00e3o de doses at\u00e9 o fim do m\u00eas de mar\u00e7o. Essas vacinas, da AstraZeneca, foram produzidas na Coreia do Sul, dentro do Cons\u00f3rcio Covax Facility<\/p>\n<p>De acordo com o secret\u00e1rio-executivo do Minist\u00e9rio da Sa\u00fade, Elcio Franco, a Fiocruz ter\u00e1 condi\u00e7\u00f5es de entregar 100 milh\u00f5es de doses da vacina Oxford\/AstraZeneca no primeiro semestre e de produzir 110 milh\u00f5es de doses no segundo semestre. \u201cEstaremos produzindo o IFA (Insumo Farmac\u00eautico Ativo) no Brasil sem dependermos de importa\u00e7\u00e3o, como ocorre hoje, em que trazemos o insumo da China\u201d, disse.<\/p>\n<p>Segundo Franco, o governo j\u00e1 adquiriu 560 milh\u00f5es de doses de vacinas de diferentes laborat\u00f3rios, ao custo de R$ 24,5 bilh\u00f5es. Al\u00e9m disso, a pasta vai disponibilizar 400 milh\u00f5es de seringas e agulhas para a vacina\u00e7\u00e3o.<\/p>\n<p>&nbsp;<\/p>\n<p>&nbsp;<\/p>\n<p>*Ag\u00eancia Estado<\/p>\n","protected":false},"excerpt":{"rendered":"<p>Criticado pela demora no ritmo de vacina\u00e7\u00e3o contra a covid-19 no Pa\u00eds, o governo emitiu nova diretriz para priorizar a aplica\u00e7\u00e3o das primeiras doses \u00e0 popula\u00e7\u00e3o, sem guardar a segunda dose necess\u00e1ria para complementar a imuniza\u00e7\u00e3o. At\u00e9 agora, a orienta\u00e7\u00e3o era reservar metade das vacinas para aplica\u00e7\u00e3o das segundas doses dentro do per\u00edodo recomendado. A [&hellip;]<\/p>\n","protected":false},"author":5,"featured_media":163971,"comment_status":"closed","ping_status":"closed","sticky":false,"template":"","format":"standard","meta":{"footnotes":""},"categories":[39],"tags":[],"class_list":["post-170156","post","type-post","status-publish","format-standard","has-post-thumbnail","hentry","category-saude"],"_links":{"self":[{"href":"https:\/\/www.ocorreionews.com.br\/acervo-correio\/index.php?rest_route=\/wp\/v2\/posts\/170156","targetHints":{"allow":["GET"]}}],"collection":[{"href":"https:\/\/www.ocorreionews.com.br\/acervo-correio\/index.php?rest_route=\/wp\/v2\/posts"}],"about":[{"href":"https:\/\/www.ocorreionews.com.br\/acervo-correio\/index.php?rest_route=\/wp\/v2\/types\/post"}],"author":[{"embeddable":true,"href":"https:\/\/www.ocorreionews.com.br\/acervo-correio\/index.php?rest_route=\/wp\/v2\/users\/5"}],"replies":[{"embeddable":true,"href":"https:\/\/www.ocorreionews.com.br\/acervo-correio\/index.php?rest_route=%2Fwp%2Fv2%2Fcomments&post=170156"}],"version-history":[{"count":1,"href":"https:\/\/www.ocorreionews.com.br\/acervo-correio\/index.php?rest_route=\/wp\/v2\/posts\/170156\/revisions"}],"predecessor-version":[{"id":170158,"href":"https:\/\/www.ocorreionews.com.br\/acervo-correio\/index.php?rest_route=\/wp\/v2\/posts\/170156\/revisions\/170158"}],"wp:featuredmedia":[{"embeddable":true,"href":"https:\/\/www.ocorreionews.com.br\/acervo-correio\/index.php?rest_route=\/wp\/v2\/media\/163971"}],"wp:attachment":[{"href":"https:\/\/www.ocorreionews.com.br\/acervo-correio\/index.php?rest_route=%2Fwp%2Fv2%2Fmedia&parent=170156"}],"wp:term":[{"taxonomy":"category","embeddable":true,"href":"https:\/\/www.ocorreionews.com.br\/acervo-correio\/index.php?rest_route=%2Fwp%2Fv2%2Fcategories&post=170156"},{"taxonomy":"post_tag","embeddable":true,"href":"https:\/\/www.ocorreionews.com.br\/acervo-correio\/index.php?rest_route=%2Fwp%2Fv2%2Ftags&post=170156"}],"curies":[{"name":"wp","href":"https:\/\/api.w.org\/{rel}","templated":true}]}}