{"id":170176,"date":"2021-03-22T07:06:49","date_gmt":"2021-03-22T11:06:49","guid":{"rendered":"https:\/\/www.ocorreionews.com.br\/acervo-correio\/?p=170176"},"modified":"2021-03-22T07:11:46","modified_gmt":"2021-03-22T11:11:46","slug":"22-de-marco-dia-mundial-da-agua-sinonimo-de-vida","status":"publish","type":"post","link":"https:\/\/www.ocorreionews.com.br\/acervo-correio\/?p=170176","title":{"rendered":"22 de mar\u00e7o: Dia Mundial da \u00c1gua, sin\u00f4nimo de vida"},"content":{"rendered":"<p>Em 22 de mar\u00e7o de 1992 a Organiza\u00e7\u00e3o das Na\u00e7\u00f5es Unidas (ONU), em Assembleia Geral, instituiu o 22 de mar\u00e7o como Dia Mundial da \u00c1gua<span id=\"more-10539\"><\/span><\/p>\n<p>N\u00e3o h\u00e1 nada mais procurado nem mais comemorado, quando se encontra ao menos vest\u00edgios, em visitas a outros corpos celestiais do que a \u00e1gua. Tamb\u00e9m pudera, a exist\u00eancia de \u00e1gua permite imaginar a exist\u00eancia de vida, j\u00e1 que n\u00e3o existe vida sem \u00e1gua.<\/p>\n<p>No nosso planeta, ? de sua \u00e1rea \u00e9 coberta por \u00e1gua. Como decorr\u00eancia, a Terra \u00e9 habitada por milh\u00f5es de esp\u00e9cies animais e vegetais, todas elas sobrevivendo por conta desse l\u00edquido precioso, e, mesmo, milagroso a fazer brotar a vida.<\/p>\n<p>Nas partes do mundo onde \u00e9 dif\u00edcil o acesso \u00e0 \u00e1gua, a vida \u00e9 bastante prejudicada. N\u00e3o h\u00e1 nada pior do que morrer de sede, e isso acontece normalmente em v\u00e1rias regi\u00f5es do planeta. Zonas inteiras da Terra j\u00e1 mudaram de para\u00edsos tropicais a desertos.<\/p>\n<div id=\"ez-toc-container\" class=\"ez-toc-v2_0_16 counter-hierarchy counter-decimal ez-toc-grey\">\n<div class=\"ez-toc-title-container\"><\/div>\n<\/div>\n<h4><span id=\"Poluicao\" class=\"ez-toc-section\"><\/span>Polui\u00e7\u00e3o<\/h4>\n<p>A polui\u00e7\u00e3o provocada pelo ser humano, por sua vez, vem provocando os maiores desacertos no clima da Terra, transformando rios, lagos, lagoas e mares em ambientes impr\u00f3prios \u00e0 vida em fun\u00e7\u00e3o da impureza de suas \u00e1guas.<\/p>\n<p>Ent\u00e3o, no dia 22 de mar\u00e7o de 1992 a Assembleia Geral das Na\u00e7\u00f5es Unidas estabeleceu que a data serviria para celebrar o Dia Mundial da \u00c1gua. \u00c9 que o dif\u00edcil acesso \u00e0 \u00e1gua pot\u00e1vel \u00e9 a causa de doen\u00e7as e da mis\u00e9ria para 1.500 bilh\u00f5es de pessoas.<\/p>\n<p>Infelizmente, a \u00e1gua apta para uso humano (doce, pot\u00e1vel e de f\u00e1cil acesso) \u00e9 uma parte muito pequena do total. A situa\u00e7\u00e3o \u00e9 preocupante e muitos especialistas consideram a quest\u00e3o da \u00e1gua como o desafio mais importante que a humanidade deve enfrentar no s\u00e9culo XXI.<\/p>\n<h4><span id=\"Preservacao_dos_recursos_hidricos\" class=\"ez-toc-section\"><\/span>Preserva\u00e7\u00e3o dos recursos h\u00eddricos<\/h4>\n<p>Em mais um Dia Mundial da \u00c1gua \u00e9 necess\u00e1rio colocar em discuss\u00e3o assuntos importantes relacionados com esse recurso natural. Principalmente, para\u00a0 refletirmos a respeito da necessidade de preservar os recursos h\u00eddricos.<\/p>\n<h4><span id=\"Declaracao_Universal_dos_Direitos_da_Agua\" class=\"ez-toc-section\"><\/span>Declara\u00e7\u00e3o Universal dos Direitos da \u00c1gua<\/h4>\n<p>Al\u00e9m de instituir o Dia Mundial da \u00c1gua, a ONU divulgou a Declara\u00e7\u00e3o Universal dos Direitos da \u00c1gua, que \u00e9 ordenada em dez artigos. Veja a seguir alguns trechos dessa declara\u00e7\u00e3o:<\/p>\n<p>1- A \u00e1gua faz parte do patrim\u00f4nio do planeta;<\/p>\n<p>2 \u2013 A \u00e1gua \u00e9 a seiva do nosso planeta;<\/p>\n<p>3 \u2013 Os recursos naturais de transforma\u00e7\u00e3o da \u00e1gua em \u00e1gua pot\u00e1vel s\u00e3o lentos, fr\u00e1geis e muito limitados;<\/p>\n<p>4 \u2013 O equil\u00edbrio e o futuro de nosso planeta dependem da preserva\u00e7\u00e3o da \u00e1gua e de seus ciclos;<\/p>\n<p>5 \u2013 A \u00e1gua n\u00e3o \u00e9 somente heran\u00e7a de nossos predecessores; ela \u00e9, sobretudo, um empr\u00e9stimo aos nossos sucessores;<\/p>\n<p>6 \u2013 A \u00e1gua n\u00e3o \u00e9 uma doa\u00e7\u00e3o gratuita da natureza; ela tem um valor econ\u00f4mico: precisa-se saber que ela \u00e9, algumas vezes, rara e dispendiosa e que pode muito bem escassear em qualquer regi\u00e3o do mundo;<\/p>\n<p>7 \u2013 A \u00e1gua n\u00e3o deve ser desperdi\u00e7ada, nem polu\u00edda, nem envenenada;<\/p>\n<p>8 \u2013 A utiliza\u00e7\u00e3o da \u00e1gua implica respeito \u00e0 lei;<\/p>\n<p>9 \u2013 A gest\u00e3o da \u00e1gua imp\u00f5e um equil\u00edbrio entre os imperativos de sua prote\u00e7\u00e3o e as necessidades de ordem econ\u00f4mica, sanit\u00e1ria e social;<\/p>\n<p>10 \u2013 O planejamento da gest\u00e3o da \u00e1gua deve levar em conta a solidariedade e o consenso em raz\u00e3o de sua distribui\u00e7\u00e3o desigual sobre a Terra.<\/p>\n","protected":false},"excerpt":{"rendered":"<p>Em 22 de mar\u00e7o de 1992 a Organiza\u00e7\u00e3o das Na\u00e7\u00f5es Unidas (ONU), em Assembleia Geral, instituiu o 22 de mar\u00e7o como Dia Mundial da \u00c1gua N\u00e3o h\u00e1 nada mais procurado nem mais comemorado, quando se encontra ao menos vest\u00edgios, em visitas a outros corpos celestiais do que a \u00e1gua. Tamb\u00e9m pudera, a exist\u00eancia de \u00e1gua [&hellip;]<\/p>\n","protected":false},"author":4,"featured_media":170177,"comment_status":"closed","ping_status":"closed","sticky":false,"template":"","format":"standard","meta":{"footnotes":""},"categories":[23,41,39],"tags":[],"class_list":["post-170176","post","type-post","status-publish","format-standard","has-post-thumbnail","hentry","category-chapadao-do-sul","category-destaque","category-saude"],"_links":{"self":[{"href":"https:\/\/www.ocorreionews.com.br\/acervo-correio\/index.php?rest_route=\/wp\/v2\/posts\/170176","targetHints":{"allow":["GET"]}}],"collection":[{"href":"https:\/\/www.ocorreionews.com.br\/acervo-correio\/index.php?rest_route=\/wp\/v2\/posts"}],"about":[{"href":"https:\/\/www.ocorreionews.com.br\/acervo-correio\/index.php?rest_route=\/wp\/v2\/types\/post"}],"author":[{"embeddable":true,"href":"https:\/\/www.ocorreionews.com.br\/acervo-correio\/index.php?rest_route=\/wp\/v2\/users\/4"}],"replies":[{"embeddable":true,"href":"https:\/\/www.ocorreionews.com.br\/acervo-correio\/index.php?rest_route=%2Fwp%2Fv2%2Fcomments&post=170176"}],"version-history":[{"count":1,"href":"https:\/\/www.ocorreionews.com.br\/acervo-correio\/index.php?rest_route=\/wp\/v2\/posts\/170176\/revisions"}],"predecessor-version":[{"id":170179,"href":"https:\/\/www.ocorreionews.com.br\/acervo-correio\/index.php?rest_route=\/wp\/v2\/posts\/170176\/revisions\/170179"}],"wp:featuredmedia":[{"embeddable":true,"href":"https:\/\/www.ocorreionews.com.br\/acervo-correio\/index.php?rest_route=\/wp\/v2\/media\/170177"}],"wp:attachment":[{"href":"https:\/\/www.ocorreionews.com.br\/acervo-correio\/index.php?rest_route=%2Fwp%2Fv2%2Fmedia&parent=170176"}],"wp:term":[{"taxonomy":"category","embeddable":true,"href":"https:\/\/www.ocorreionews.com.br\/acervo-correio\/index.php?rest_route=%2Fwp%2Fv2%2Fcategories&post=170176"},{"taxonomy":"post_tag","embeddable":true,"href":"https:\/\/www.ocorreionews.com.br\/acervo-correio\/index.php?rest_route=%2Fwp%2Fv2%2Ftags&post=170176"}],"curies":[{"name":"wp","href":"https:\/\/api.w.org\/{rel}","templated":true}]}}