{"id":1705,"date":"2015-05-15T18:27:25","date_gmt":"2015-05-15T22:27:25","guid":{"rendered":"https:\/\/ocorreionews.com.br\/?p=1705"},"modified":"2018-08-20T22:34:40","modified_gmt":"2018-08-21T02:34:40","slug":"mulher-sofre-fratura-na-tibia-e-fibula-em-acidente-no-centro-de-chapadao-do-sul","status":"publish","type":"post","link":"https:\/\/www.ocorreionews.com.br\/acervo-correio\/?p=1705","title":{"rendered":"Mulher sofre fratura na T\u00edbia e F\u00edbula em acidente no Centro de chapad\u00e3o do sul"},"content":{"rendered":"<p style=\"text-align: justify;\">Edilaine Gon \u00e7alves de Souza, 26 anos, sofreu fratura na sua T\u00edbia e F\u00edbula direita, ap\u00f3s um acidente na Avenida 04, esquina com a Rua 23, no centro de Chapad\u00e3o do Sul.<\/p>\n<p style=\"text-align: justify;\">A v\u00edtima era carona da moto Honda Biz, placas de Parana\u00edba, que tinha como condutor seu esposo, que nada sofreu. O casal subia pela Avenida, quando ocorreu a colis\u00e3o, com um veiculo GM Corsa cl\u00e1ssica, placas de Chapad\u00e3o do Sul, dirigido por Luciano Francisco da Silva, que cruzava a avenida e n\u00e3o percebeu a aproxima\u00e7\u00e3o da Moto.<\/p>\n<p style=\"text-align: justify;\">Com a colis\u00e3o, a moto ficou presa embaixo do p\u00e1ra-choque do veiculo.<a href=\"https:\/\/ocorreionews.com.br\/wp-content\/uploads\/2015\/05\/DSC_6160.jpg\"><img loading=\"lazy\" decoding=\"async\" class=\"alignnone  wp-image-1707\" src=\"https:\/\/ocorreionews.com.br\/wp-content\/uploads\/2015\/05\/DSC_6160.jpg\" alt=\"DSC_6160\" width=\"467\" height=\"311\" srcset=\"https:\/\/www.ocorreionews.com.br\/acervo-correio\/wp-content\/uploads\/2015\/05\/DSC_6160.jpg 600w, https:\/\/www.ocorreionews.com.br\/acervo-correio\/wp-content\/uploads\/2015\/05\/DSC_6160-300x200.jpg 300w\" sizes=\"auto, (max-width: 467px) 100vw, 467px\" \/><\/a><\/p>\n<p style=\"text-align: justify;\">O Corpo de Bombeiros, ap\u00f3s realizarem os primeiros atendimentos de imobiliza\u00e7\u00e3o da vitima, conduziram ao Hospital Municipal.<\/p>\n<p style=\"text-align: justify;\">A Policia Militar esteve no local, organizando o tr\u00e2nsito, j\u00e1 que era em hor\u00e1rio de pico e a rua 23 \u00e9 a de acesso e sa\u00edda do Parque Uni\u00e3o e tem um grande fluxo de veiculo, no hor\u00e1rio das 18 horas, que ocorreu o acidente.<\/p>\n<p style=\"text-align: justify;\"><a href=\"https:\/\/ocorreionews.com.br\/wp-content\/uploads\/2015\/05\/DSC_6161.jpg\"><img loading=\"lazy\" decoding=\"async\" class=\"alignnone  wp-image-1708\" src=\"https:\/\/ocorreionews.com.br\/wp-content\/uploads\/2015\/05\/DSC_6161.jpg\" alt=\"DSC_6161\" width=\"469\" height=\"294\" \/><\/a><\/p>\n<p style=\"text-align: justify;\">\n<p style=\"text-align: justify;\">\n","protected":false},"excerpt":{"rendered":"<p>Edilaine Gon \u00e7alves de Souza, 26 anos, sofreu fratura na sua T\u00edbia e F\u00edbula direita, ap\u00f3s um acidente na Avenida 04, esquina com a Rua 23, no centro de Chapad\u00e3o do Sul. A v\u00edtima era carona da moto Honda Biz, placas de Parana\u00edba, que tinha como condutor seu esposo, que nada sofreu. O casal subia [&hellip;]<\/p>\n","protected":false},"author":4,"featured_media":1706,"comment_status":"closed","ping_status":"closed","sticky":false,"template":"","format":"standard","meta":{"footnotes":""},"categories":[37],"tags":[],"class_list":["post-1705","post","type-post","status-publish","format-standard","has-post-thumbnail","hentry","category-politica"],"_links":{"self":[{"href":"https:\/\/www.ocorreionews.com.br\/acervo-correio\/index.php?rest_route=\/wp\/v2\/posts\/1705","targetHints":{"allow":["GET"]}}],"collection":[{"href":"https:\/\/www.ocorreionews.com.br\/acervo-correio\/index.php?rest_route=\/wp\/v2\/posts"}],"about":[{"href":"https:\/\/www.ocorreionews.com.br\/acervo-correio\/index.php?rest_route=\/wp\/v2\/types\/post"}],"author":[{"embeddable":true,"href":"https:\/\/www.ocorreionews.com.br\/acervo-correio\/index.php?rest_route=\/wp\/v2\/users\/4"}],"replies":[{"embeddable":true,"href":"https:\/\/www.ocorreionews.com.br\/acervo-correio\/index.php?rest_route=%2Fwp%2Fv2%2Fcomments&post=1705"}],"version-history":[{"count":0,"href":"https:\/\/www.ocorreionews.com.br\/acervo-correio\/index.php?rest_route=\/wp\/v2\/posts\/1705\/revisions"}],"wp:featuredmedia":[{"embeddable":true,"href":"https:\/\/www.ocorreionews.com.br\/acervo-correio\/index.php?rest_route=\/wp\/v2\/media\/1706"}],"wp:attachment":[{"href":"https:\/\/www.ocorreionews.com.br\/acervo-correio\/index.php?rest_route=%2Fwp%2Fv2%2Fmedia&parent=1705"}],"wp:term":[{"taxonomy":"category","embeddable":true,"href":"https:\/\/www.ocorreionews.com.br\/acervo-correio\/index.php?rest_route=%2Fwp%2Fv2%2Fcategories&post=1705"},{"taxonomy":"post_tag","embeddable":true,"href":"https:\/\/www.ocorreionews.com.br\/acervo-correio\/index.php?rest_route=%2Fwp%2Fv2%2Ftags&post=1705"}],"curies":[{"name":"wp","href":"https:\/\/api.w.org\/{rel}","templated":true}]}}