{"id":17050,"date":"2015-12-14T07:02:30","date_gmt":"2015-12-14T10:02:30","guid":{"rendered":"https:\/\/ocorreionews.com.br\/?p=17050"},"modified":"2015-12-14T07:02:30","modified_gmt":"2015-12-14T10:02:30","slug":"pauta-da-1089a-sessao-da-camara-desta-segunda-feira-14","status":"publish","type":"post","link":"https:\/\/www.ocorreionews.com.br\/acervo-correio\/?p=17050","title":{"rendered":"Pauta da 1089\u00aa Sess\u00e3o da C\u00e2mara desta segunda-feira 14"},"content":{"rendered":"<p>PAUTA PARA A 1089\u00aa SESS\u00c3O ORDIN\u00c1RIA,<\/p>\n<p>DA 3\u00aa SESS\u00c3O LEGISLATIVA,<\/p>\n<p>DA 7\u00aa LEGISLATURA, A REALIZAR-SE<\/p>\n<p>NO DIA 14\/12\/2015 \u2013 SEGUNDA-FEIRA<\/p>\n<p>\u00c0S 18 HORAS<\/p>\n<p>&nbsp;<\/p>\n<p>EXPEDIENTE DE VEREADORES<\/p>\n<p><strong>REQUERIMENTO N\u00ba 338\/2015 \u2013 VER. ALIRIO BACCA\u00a0<\/strong><\/p>\n<p>REQUEIRO \u00e0 Mesa, na forma regimental e depois de ouvido o Douto Plen\u00e1rio de Delibera\u00e7\u00f5es, o envio de expediente ao Prefeito Municipal Luiz Felipe Barreto de Magalh\u00e3es, solicitando que seja encaminhado a esta Casa de Leis as seguintes informa\u00e7\u00f5es:<\/p>\n<p>1 \u2013 Se j\u00e1 est\u00e1 disponibilizado na Conta do Munic\u00edpio, o repasse em dinheiro, de Emenda Parlamentar do Ex-Deputado Federal, Reinaldo Azambuja, para aquisi\u00e7\u00e3o de adubo, para o Assentamento Aroeira.<\/p>\n<p>2 \u2013 Caso afirmativo, favor informar a previs\u00e3o de aquisi\u00e7\u00e3o e entrega do referido produto ao Assentamento Aroeira.<\/p>\n<p>Demais informa\u00e7\u00f5es que julgarem necess\u00e1rias.<\/p>\n<p><strong>INDICA\u00c7\u00c3O N\u00ba 651\/2015 \u2013 VER. ALIRIO BACCA\u00a0<\/strong><\/p>\n<p>INDICO \u00e0 Mesa, na forma regimental, e depois de ouvido o Douto Plen\u00e1rio de Delibera\u00e7\u00f5es, o envio de expediente ao Governador do Estado, Reinaldo Azambuja, com c\u00f3pia ao Secret\u00e1rio de Estado de Infraestrutura, Ednei Marcelo Miglioli, solicitando a realiza\u00e7\u00e3o do recapeamento e revitaliza\u00e7\u00e3o do trecho da MS-306 entre Chapad\u00e3o do Sul e Cassil\u00e2ndia.<\/p>\n<p><strong>INDICA\u00c7\u00c3O N\u00ba 652\/2015 \u2013 VER. ALIRIO BACCA\u00a0<\/strong><\/p>\n<p>INDICO \u00e0 Mesa, na forma regimental, e depois de ouvido o Douto Plen\u00e1rio de Delibera\u00e7\u00f5es, o envio de expediente ao Deputado Federal Carlos Eduardo Xavier Marun, solicitando a destina\u00e7\u00e3o de Recurso Federal para a Sa\u00fade, a fim de atender o Hospital Municipal na aquisi\u00e7\u00e3o de equipamentos cir\u00fargicos.<\/p>\n<p><strong>1\u00ba &#8211; Uma Autoclave; \u00a0<\/strong><\/p>\n<p><strong>2\u00ba &#8211; Um Arco Cir\u00fargico. \u00a0<\/strong><\/p>\n<p><strong>MO\u00c7\u00c3O DE APLAUSO<\/strong> N\u00ba 124\/2015 \u2013 Vereadores T\u00e2nia Francini, Abel Lemes, Prainha, S\u00f4nia Maran, Rosemari Cruz, Dr. Quaranta, Teacher Wagner, Elton Silva e Alirio Bacca.<\/p>\n<p>Os Vereadores da C\u00e2mara Municipal de Chapad\u00e3o do Sul, que esta subscrevem, dispensadas as formalidades regimentais, encaminham MO\u00c7\u00c3O DE APLAUSO E RECONHECIMENTO ao Padre Diomar Serafim, pelos relevantes servi\u00e7os prestados a popula\u00e7\u00e3o de Chapad\u00e3o do Sul, durante os 14 anos como P\u00e1roco deste Mun\u00edcipio, sendo um exemplo de l\u00edder espiritual, buscando a integra\u00e7\u00e3o das pessoas para o bem comum.<\/p>\n<p>Implanta\u00e7\u00e3o em nosso Munic\u00edpio, de dois importantes projetos, de sucesso no Estado, que visam garantir a qualidade da educa\u00e7\u00e3o e prevenir a evas\u00e3o e a viol\u00eancia escolar.<\/p>\n<p><strong>MO\u00c7\u00c3O DE PESAR<\/strong> N\u00ba 125\/2015 \u2013 VER. PRAINHA<\/p>\n<p>O Vereador Prainha, da C\u00e2mara Municipal de Chapad\u00e3o do Sul, que esta subscreve, dispensadas as formalidades regimentais, encaminha MO\u00c7\u00c3O DE PESAR, \u00e0 fam\u00edlia do Senhor Jo\u00e3o Aparecido de Almeida, em decorr\u00eancia de seu falecimento ocorrido em 24 de novembro do corrente ano.<\/p>\n<p><strong>MENSAGEM DO EXECUTIVO\u00a0<\/strong><\/p>\n<p>&#8211; Mensagem n\u00ba 052\/2015, encaminha Veto parcial ao Aut\u00f3grafo n\u00ba 1157\/2015, de 16 de novembro de 2015. \u201cESTIMA A RECEITA FIXA A DESPESA DO MUNIC\u00cdPIO DE CHAPAD\u00c3O DO SUL\/MS, PARA O EXERC\u00cdCIO DE 2016, E D\u00c1 OUTRAS PROVID\u00caNCIAS\u201d.<\/p>\n<p>&#8211; Mensagem n\u00ba 053\/2015, encaminha Projeto de Lei n\u00ba 163\/2015. Executivo que: \u201cAutoriza o Poder Executivo Municipal a doar lotes de terreno de sua propriedade aos benefici\u00e1rios de Programas de Interesse Social\u201d.<\/p>\n<p>&nbsp;<\/p>\n<p><strong>ORDEM DO DIA<\/strong><\/p>\n<p>&nbsp;<\/p>\n<p>&#8211; Projeto de Resolu\u00e7\u00e3o n\u00ba 07\/2015. \u201cD\u00e1 nova reda\u00e7\u00e3o ao caput do artigo 2\u00ba da Resolu\u00e7\u00e3o n\u00ba 118, de 11 de agosto de 2014, e d\u00e1 outras provid\u00eancias\u201d.<\/p>\n<p>&#8211; Projeto de Lei n\u00ba 155\/2015. Executivo que: \u201cAltera a Reda\u00e7\u00e3o dos Artigos 36 e 37 da Lei Complementar n\u00ba 072, de 03 de outubro de 2013, que Disp\u00f5e Sobre a Reorganiza\u00e7\u00e3o da Estrutura Administrativa do Poder Executivo do Munic\u00edpio de Chapad\u00e3o do Sul\/MS, e d\u00e1 outras provid\u00eancias\u201d.<\/p>\n<p>SECRETARIA DAS SESS\u00d5ES, 11 DE DEZEMBRO DE 2015.<\/p>\n<p>Jacqueline C. Tomiazzi Belotti,<\/p>\n<p>Coordenadora de Atividades Legislativa.<\/p>\n","protected":false},"excerpt":{"rendered":"<p>PAUTA PARA A 1089\u00aa SESS\u00c3O ORDIN\u00c1RIA, DA 3\u00aa SESS\u00c3O LEGISLATIVA, DA 7\u00aa LEGISLATURA, A REALIZAR-SE NO DIA 14\/12\/2015 \u2013 SEGUNDA-FEIRA \u00c0S 18 HORAS &nbsp; EXPEDIENTE DE VEREADORES REQUERIMENTO N\u00ba 338\/2015 \u2013 VER. ALIRIO BACCA\u00a0 REQUEIRO \u00e0 Mesa, na forma regimental e depois de ouvido o Douto Plen\u00e1rio de Delibera\u00e7\u00f5es, o envio de expediente ao Prefeito [&hellip;]<\/p>\n","protected":false},"author":4,"featured_media":12124,"comment_status":"closed","ping_status":"closed","sticky":false,"template":"","format":"standard","meta":{"footnotes":""},"categories":[20],"tags":[],"class_list":["post-17050","post","type-post","status-publish","format-standard","has-post-thumbnail","hentry","category-camara-municipal"],"_links":{"self":[{"href":"https:\/\/www.ocorreionews.com.br\/acervo-correio\/index.php?rest_route=\/wp\/v2\/posts\/17050","targetHints":{"allow":["GET"]}}],"collection":[{"href":"https:\/\/www.ocorreionews.com.br\/acervo-correio\/index.php?rest_route=\/wp\/v2\/posts"}],"about":[{"href":"https:\/\/www.ocorreionews.com.br\/acervo-correio\/index.php?rest_route=\/wp\/v2\/types\/post"}],"author":[{"embeddable":true,"href":"https:\/\/www.ocorreionews.com.br\/acervo-correio\/index.php?rest_route=\/wp\/v2\/users\/4"}],"replies":[{"embeddable":true,"href":"https:\/\/www.ocorreionews.com.br\/acervo-correio\/index.php?rest_route=%2Fwp%2Fv2%2Fcomments&post=17050"}],"version-history":[{"count":0,"href":"https:\/\/www.ocorreionews.com.br\/acervo-correio\/index.php?rest_route=\/wp\/v2\/posts\/17050\/revisions"}],"wp:featuredmedia":[{"embeddable":true,"href":"https:\/\/www.ocorreionews.com.br\/acervo-correio\/index.php?rest_route=\/wp\/v2\/media\/12124"}],"wp:attachment":[{"href":"https:\/\/www.ocorreionews.com.br\/acervo-correio\/index.php?rest_route=%2Fwp%2Fv2%2Fmedia&parent=17050"}],"wp:term":[{"taxonomy":"category","embeddable":true,"href":"https:\/\/www.ocorreionews.com.br\/acervo-correio\/index.php?rest_route=%2Fwp%2Fv2%2Fcategories&post=17050"},{"taxonomy":"post_tag","embeddable":true,"href":"https:\/\/www.ocorreionews.com.br\/acervo-correio\/index.php?rest_route=%2Fwp%2Fv2%2Ftags&post=17050"}],"curies":[{"name":"wp","href":"https:\/\/api.w.org\/{rel}","templated":true}]}}