{"id":17052,"date":"2015-12-14T07:28:11","date_gmt":"2015-12-14T10:28:11","guid":{"rendered":"https:\/\/ocorreionews.com.br\/?p=17052"},"modified":"2015-12-14T07:28:11","modified_gmt":"2015-12-14T10:28:11","slug":"carro-e-moto-colidem-no-bairro-sonho-meu-3-em-costa-rica-duas-pessoas-ficaram-feridas","status":"publish","type":"post","link":"https:\/\/www.ocorreionews.com.br\/acervo-correio\/?p=17052","title":{"rendered":"Carro e moto colidem no bairro Sonho Meu 3 em Costa Rica. Duas pessoas ficaram feridas"},"content":{"rendered":"<p>Um Classic Branco colidiu com uma motocicleta Honda CG 150 Titan preta no cruzamento das Ruas Cear\u00e1 com Martins de Ara\u00fajo em Cota Rica e deixou duas pessoas feridas.<\/p>\n<p>Conforme informa\u00e7\u00f5es de testemunhas passadas ao Site MS Todo dia, Agenor Pereira da Silva (60) mais conhecido como Agenor\u00e3o, condutor da motocicleta subia a Rua Cear\u00e1 (preferencial), quando foi surpreendido pelo Classic que vinha da Rua Martins de Ara\u00fajo.<\/p>\n<p>Na colis\u00e3o o motociclista caiu juntamente com sua esposa Sandra Abreu dos Santos (46), passageira.<\/p>\n<p>O Corpo de Bombeiros foi chamado e socorreu as v\u00edtimas. O motociclista estava consciente e orientado e apresentava escoria\u00e7\u00f5es e dores na cabe\u00e7a. Sua esposa tamb\u00e9m estava consciente e orientada e apresentava uma poss\u00edvel fratura na perna esquerda, sendo ambos encaminhados para a Funda\u00e7\u00e3o Hospitalar.<\/p>\n<p>O condutor do carro n\u00e3o quis se identificar e n\u00e3o precisou de atendimento m\u00e9dico.<\/p>\n<p><a href=\"https:\/\/ocorreionews.com.br\/wp-content\/uploads\/2015\/12\/ac-costa-rica.jpg\" rel=\"attachment wp-att-17054\"><img loading=\"lazy\" decoding=\"async\" class=\"alignnone size-medium wp-image-17054\" src=\"https:\/\/ocorreionews.com.br\/wp-content\/uploads\/2015\/12\/ac-costa-rica-300x199.jpg\" alt=\"ac costa rica\" width=\"300\" height=\"199\" srcset=\"https:\/\/www.ocorreionews.com.br\/acervo-correio\/wp-content\/uploads\/2015\/12\/ac-costa-rica-300x199.jpg 300w, https:\/\/www.ocorreionews.com.br\/acervo-correio\/wp-content\/uploads\/2015\/12\/ac-costa-rica-768x510.jpg 768w, https:\/\/www.ocorreionews.com.br\/acervo-correio\/wp-content\/uploads\/2015\/12\/ac-costa-rica.jpg 800w\" sizes=\"auto, (max-width: 300px) 100vw, 300px\" \/><\/a><\/p>\n<p>&nbsp;<\/p>\n<div class=\"clear\"><\/div>\n<div class=\"fonte\">Fonte: MS TODO DIA<\/div>\n","protected":false},"excerpt":{"rendered":"<p>Um Classic Branco colidiu com uma motocicleta Honda CG 150 Titan preta no cruzamento das Ruas Cear\u00e1 com Martins de Ara\u00fajo em Cota Rica e deixou duas pessoas feridas. Conforme informa\u00e7\u00f5es de testemunhas passadas ao Site MS Todo dia, Agenor Pereira da Silva (60) mais conhecido como Agenor\u00e3o, condutor da motocicleta subia a Rua Cear\u00e1 [&hellip;]<\/p>\n","protected":false},"author":4,"featured_media":17053,"comment_status":"closed","ping_status":"closed","sticky":false,"template":"","format":"standard","meta":{"footnotes":""},"categories":[25],"tags":[],"class_list":["post-17052","post","type-post","status-publish","format-standard","has-post-thumbnail","hentry","category-costa-rica"],"_links":{"self":[{"href":"https:\/\/www.ocorreionews.com.br\/acervo-correio\/index.php?rest_route=\/wp\/v2\/posts\/17052","targetHints":{"allow":["GET"]}}],"collection":[{"href":"https:\/\/www.ocorreionews.com.br\/acervo-correio\/index.php?rest_route=\/wp\/v2\/posts"}],"about":[{"href":"https:\/\/www.ocorreionews.com.br\/acervo-correio\/index.php?rest_route=\/wp\/v2\/types\/post"}],"author":[{"embeddable":true,"href":"https:\/\/www.ocorreionews.com.br\/acervo-correio\/index.php?rest_route=\/wp\/v2\/users\/4"}],"replies":[{"embeddable":true,"href":"https:\/\/www.ocorreionews.com.br\/acervo-correio\/index.php?rest_route=%2Fwp%2Fv2%2Fcomments&post=17052"}],"version-history":[{"count":0,"href":"https:\/\/www.ocorreionews.com.br\/acervo-correio\/index.php?rest_route=\/wp\/v2\/posts\/17052\/revisions"}],"wp:featuredmedia":[{"embeddable":true,"href":"https:\/\/www.ocorreionews.com.br\/acervo-correio\/index.php?rest_route=\/wp\/v2\/media\/17053"}],"wp:attachment":[{"href":"https:\/\/www.ocorreionews.com.br\/acervo-correio\/index.php?rest_route=%2Fwp%2Fv2%2Fmedia&parent=17052"}],"wp:term":[{"taxonomy":"category","embeddable":true,"href":"https:\/\/www.ocorreionews.com.br\/acervo-correio\/index.php?rest_route=%2Fwp%2Fv2%2Fcategories&post=17052"},{"taxonomy":"post_tag","embeddable":true,"href":"https:\/\/www.ocorreionews.com.br\/acervo-correio\/index.php?rest_route=%2Fwp%2Fv2%2Ftags&post=17052"}],"curies":[{"name":"wp","href":"https:\/\/api.w.org\/{rel}","templated":true}]}}