{"id":17060,"date":"2015-12-14T08:24:04","date_gmt":"2015-12-14T11:24:04","guid":{"rendered":"https:\/\/ocorreionews.com.br\/?p=17060"},"modified":"2015-12-14T08:24:04","modified_gmt":"2015-12-14T11:24:04","slug":"exportacao-de-milho-chega-a-1-milhao-de-toneladas-em-quatro-dias","status":"publish","type":"post","link":"https:\/\/www.ocorreionews.com.br\/acervo-correio\/?p=17060","title":{"rendered":"Exporta\u00e7\u00e3o de milho chega a 1 milh\u00e3o de toneladas em quatro dias"},"content":{"rendered":"<div id=\"ctl00_cphConteudo_UcNoticiasDetalhe1_ucNoticia1_corpoNoticia\" class=\"corpo\">\n<p>Nos primeiros quatro dias de dezembro, o Brasil exportou mais de 1 milh\u00e3o de toneladas de milho. O dado foi anunciado na sexta-feira (11.12) pelo diretor de Pol\u00edtica Agr\u00edcola e Informa\u00e7\u00f5es da Companhia Nacional de Abastecimento (Conab), Jo\u00e3o Marcelo Intini, durante a divulga\u00e7\u00e3o da estimativa de produ\u00e7\u00e3o de gr\u00e3os da safra brasileira 2015\/2016. Segundo ele, esse volume de exporta\u00e7\u00f5es revela os ganhos recentes do Pa\u00eds em melhoria de condi\u00e7\u00f5es para o escoamento da produ\u00e7\u00e3o nacional.<\/p>\n<p>&#8220;Me parece que estamos avan\u00e7ando muito na condi\u00e7\u00e3o da log\u00edstica. Para a gente ter uma ideia, s\u00f3 no m\u00eas de dezembro, nos quatro primeiros dias, foi exportado um total de 1 milh\u00e3o de toneladas de milho. Em m\u00e9dia, mais de 250 mil toneladas foram exportadas por dia. Isso representa o agendamento, a organiza\u00e7\u00e3o e o escoamento desse milho com muito mais condi\u00e7\u00f5es de rapidez e de celeridade do que no passado&#8221;, afirmou.<\/p>\n<p>Em agosto deste ano, o Brasil exportou 2,2 milh\u00f5es de toneladas de milho por dia, uma m\u00e9dia de 108 mil toneladas por dia \u00fatil. Em 2014, o Pa\u00eds negociou com o mercado internacional 20,6 milh\u00f5es de toneladas do produto.<\/p>\n<p>O atual cen\u00e1rio cambial e fatores do mercado internacional tamb\u00e9m tem colaborado para o maior volume de negocia\u00e7\u00e3o do milho brasileiro. &#8220;O Brasil est\u00e1 tamb\u00e9m aproveitando a diminui\u00e7\u00e3o de exporta\u00e7\u00f5es de milho americanas, por causa das suas condi\u00e7\u00f5es do seu fator competitivo desse momento, e que projeta-se uma substitui\u00e7\u00e3o de exporta\u00e7\u00e3o de milho norte-americano por milho brasileiro na ordem de 1 milh\u00e3o de toneladas. Ent\u00e3o \u00e9 uma janela de oportunidade&#8221;, disse Intini.<\/p>\n<\/div>\n<p>&nbsp;<\/p>\n<div class=\"data cor\"><strong><a href=\"http:\/\/www.brasil.gov.br\/economia-e-emprego\/2015\/12\/exportacao-de-milho-chega-a-uma-tonelada-em-quatro-dias\" target=\"_blank\">Portal Brasil<\/a><\/strong><\/div>\n<div class=\"data cor\"><\/div>\n<div class=\"data cor\"><\/div>\n<div class=\"break\"><\/div>\n<div><\/div>\n","protected":false},"excerpt":{"rendered":"<p>Nos primeiros quatro dias de dezembro, o Brasil exportou mais de 1 milh\u00e3o de toneladas de milho. O dado foi anunciado na sexta-feira (11.12) pelo diretor de Pol\u00edtica Agr\u00edcola e Informa\u00e7\u00f5es da Companhia Nacional de Abastecimento (Conab), Jo\u00e3o Marcelo Intini, durante a divulga\u00e7\u00e3o da estimativa de produ\u00e7\u00e3o de gr\u00e3os da safra brasileira 2015\/2016. Segundo ele, [&hellip;]<\/p>\n","protected":false},"author":4,"featured_media":1602,"comment_status":"closed","ping_status":"closed","sticky":false,"template":"","format":"standard","meta":{"footnotes":""},"categories":[17],"tags":[],"class_list":["post-17060","post","type-post","status-publish","format-standard","has-post-thumbnail","hentry","category-agropecuaria"],"_links":{"self":[{"href":"https:\/\/www.ocorreionews.com.br\/acervo-correio\/index.php?rest_route=\/wp\/v2\/posts\/17060","targetHints":{"allow":["GET"]}}],"collection":[{"href":"https:\/\/www.ocorreionews.com.br\/acervo-correio\/index.php?rest_route=\/wp\/v2\/posts"}],"about":[{"href":"https:\/\/www.ocorreionews.com.br\/acervo-correio\/index.php?rest_route=\/wp\/v2\/types\/post"}],"author":[{"embeddable":true,"href":"https:\/\/www.ocorreionews.com.br\/acervo-correio\/index.php?rest_route=\/wp\/v2\/users\/4"}],"replies":[{"embeddable":true,"href":"https:\/\/www.ocorreionews.com.br\/acervo-correio\/index.php?rest_route=%2Fwp%2Fv2%2Fcomments&post=17060"}],"version-history":[{"count":0,"href":"https:\/\/www.ocorreionews.com.br\/acervo-correio\/index.php?rest_route=\/wp\/v2\/posts\/17060\/revisions"}],"wp:featuredmedia":[{"embeddable":true,"href":"https:\/\/www.ocorreionews.com.br\/acervo-correio\/index.php?rest_route=\/wp\/v2\/media\/1602"}],"wp:attachment":[{"href":"https:\/\/www.ocorreionews.com.br\/acervo-correio\/index.php?rest_route=%2Fwp%2Fv2%2Fmedia&parent=17060"}],"wp:term":[{"taxonomy":"category","embeddable":true,"href":"https:\/\/www.ocorreionews.com.br\/acervo-correio\/index.php?rest_route=%2Fwp%2Fv2%2Fcategories&post=17060"},{"taxonomy":"post_tag","embeddable":true,"href":"https:\/\/www.ocorreionews.com.br\/acervo-correio\/index.php?rest_route=%2Fwp%2Fv2%2Ftags&post=17060"}],"curies":[{"name":"wp","href":"https:\/\/api.w.org\/{rel}","templated":true}]}}