{"id":17065,"date":"2015-12-14T09:05:40","date_gmt":"2015-12-14T12:05:40","guid":{"rendered":"https:\/\/ocorreionews.com.br\/?p=17065"},"modified":"2015-12-14T09:05:40","modified_gmt":"2015-12-14T12:05:40","slug":"novos-conselheiros-tutelares-participaram-de-capacitacao","status":"publish","type":"post","link":"https:\/\/www.ocorreionews.com.br\/acervo-correio\/?p=17065","title":{"rendered":"Novos Conselheiros tutelares participaram de capacita\u00e7\u00e3o"},"content":{"rendered":"<p>No dia 10 de dezembro, o CMDCA &#8211; Conselho Municipal dos Direitos da Crian\u00e7a e do Adolescente, a Secretaria Municipal de Assist\u00eancia Social, o Minist\u00e9rio P\u00fablico e o Poder Judici\u00e1rio da 2\u00ba Vara da Inf\u00e2ncia e Juventude de Chapad\u00e3o do Sul ofereceram uma capacita\u00e7\u00e3o aos novos conselheiros tutelares eleitos no dia 04 de outubro de 2015.<\/p>\n<p>Participaram do evento os conselheiros tutelares titulares que tomar\u00e3o posse no dia 01 de janeiro de 2016 e os suplentes que ser\u00e3o convocados conforme a necessidade.<\/p>\n<p>O evento iniciou \u00e0s 8h com a fala da presidente do CMDCA, Jucelama Pereira Martins, que agradeceu a presen\u00e7a de todos e falou sobre a import\u00e2ncia desta capacita\u00e7\u00e3o. Em seguida passou a palavra \u00e0 Promotora de Justi\u00e7a, Fernanda Proen\u00e7a de Azambuja e ao Juiz Anderson Royer, que durante o per\u00edodo matutino abordaram sobre\u00a0 o Sistema de Garantia de Direitos \u00e0 crian\u00e7as e adolescentes\u00a0 em Chapad\u00e3o do Sul al\u00e9m das atribui\u00e7\u00f5es e compet\u00eancias do Conselho Tutelar.<\/p>\n<p>No per\u00edodo vespertino a Secret\u00e1ria Municipal de Assist\u00eancia Social, Jeane Gleice Camargo Barros falou sobre a rela\u00e7\u00e3o da Secretaria com o Conselho Tutelar bem como as responsabilidades administrativas do colegiado e sobre a posse dos mesmos. Em seguida os t\u00e9cnicos dos CRAS Parque Uni\u00e3o e Esperan\u00e7a, CREAS e Equipe de Prote\u00e7\u00e3o Social de Alta Complexidade expuseram os servi\u00e7os que cada um oferece e sua rela\u00e7\u00e3o com o conselho tutelar no trabalho destinada \u00e0 crian\u00e7as e adolescentes.<\/p>\n<p>Finalizando a conselheira do CMDCA, Vera\u00a0 Suely Goulart explanou sobre o que \u00e9 o CMDCA, sua rela\u00e7\u00e3o com o conselho Tutelar, per\u00edodo de transi\u00e7\u00e3o e demais capacita\u00e7\u00f5es que ser\u00e3o realizadas em breve para dar suporte aos novos membros do conselho tutelar a fim de aprimorar a atua\u00e7\u00e3o profissional do colegiado. Encerrou agradecendo a participa\u00e7\u00e3o de todos desejando boas vindas aos novos conselheiros tutelares.<\/p>\n<p><img decoding=\"async\" src=\"http:\/\/www.chapadaodosul.ms.gov.br\/admin\/arquivos\/images\/SAM_4428..jpg\" alt=\"\" \/> <img decoding=\"async\" src=\"http:\/\/www.chapadaodosul.ms.gov.br\/admin\/arquivos\/images\/SAM_4432..jpg\" alt=\"\" \/><\/p>\n<p>&nbsp;<\/p>\n<p>&nbsp;<\/p>\n<p>Assecom &#8211; PMCS<\/p>\n","protected":false},"excerpt":{"rendered":"<p>No dia 10 de dezembro, o CMDCA &#8211; Conselho Municipal dos Direitos da Crian\u00e7a e do Adolescente, a Secretaria Municipal de Assist\u00eancia Social, o Minist\u00e9rio P\u00fablico e o Poder Judici\u00e1rio da 2\u00ba Vara da Inf\u00e2ncia e Juventude de Chapad\u00e3o do Sul ofereceram uma capacita\u00e7\u00e3o aos novos conselheiros tutelares eleitos no dia 04 de outubro de [&hellip;]<\/p>\n","protected":false},"author":4,"featured_media":17066,"comment_status":"closed","ping_status":"closed","sticky":false,"template":"","format":"standard","meta":{"footnotes":""},"categories":[23],"tags":[],"class_list":["post-17065","post","type-post","status-publish","format-standard","has-post-thumbnail","hentry","category-chapadao-do-sul"],"_links":{"self":[{"href":"https:\/\/www.ocorreionews.com.br\/acervo-correio\/index.php?rest_route=\/wp\/v2\/posts\/17065","targetHints":{"allow":["GET"]}}],"collection":[{"href":"https:\/\/www.ocorreionews.com.br\/acervo-correio\/index.php?rest_route=\/wp\/v2\/posts"}],"about":[{"href":"https:\/\/www.ocorreionews.com.br\/acervo-correio\/index.php?rest_route=\/wp\/v2\/types\/post"}],"author":[{"embeddable":true,"href":"https:\/\/www.ocorreionews.com.br\/acervo-correio\/index.php?rest_route=\/wp\/v2\/users\/4"}],"replies":[{"embeddable":true,"href":"https:\/\/www.ocorreionews.com.br\/acervo-correio\/index.php?rest_route=%2Fwp%2Fv2%2Fcomments&post=17065"}],"version-history":[{"count":0,"href":"https:\/\/www.ocorreionews.com.br\/acervo-correio\/index.php?rest_route=\/wp\/v2\/posts\/17065\/revisions"}],"wp:featuredmedia":[{"embeddable":true,"href":"https:\/\/www.ocorreionews.com.br\/acervo-correio\/index.php?rest_route=\/wp\/v2\/media\/17066"}],"wp:attachment":[{"href":"https:\/\/www.ocorreionews.com.br\/acervo-correio\/index.php?rest_route=%2Fwp%2Fv2%2Fmedia&parent=17065"}],"wp:term":[{"taxonomy":"category","embeddable":true,"href":"https:\/\/www.ocorreionews.com.br\/acervo-correio\/index.php?rest_route=%2Fwp%2Fv2%2Fcategories&post=17065"},{"taxonomy":"post_tag","embeddable":true,"href":"https:\/\/www.ocorreionews.com.br\/acervo-correio\/index.php?rest_route=%2Fwp%2Fv2%2Ftags&post=17065"}],"curies":[{"name":"wp","href":"https:\/\/api.w.org\/{rel}","templated":true}]}}