{"id":17076,"date":"2015-12-14T13:44:15","date_gmt":"2015-12-14T16:44:15","guid":{"rendered":"https:\/\/ocorreionews.com.br\/?p=17076"},"modified":"2015-12-14T13:44:15","modified_gmt":"2015-12-14T16:44:15","slug":"pauta-da-sessao-ordinaria-10902015","status":"publish","type":"post","link":"https:\/\/www.ocorreionews.com.br\/acervo-correio\/?p=17076","title":{"rendered":"Pauta da Sess\u00e3o Ordin\u00e1ria 1090\/2015"},"content":{"rendered":"<p align=\"center\"><strong><u>PAUTA PARA A 1090\u00aa SESS\u00c3O ORDIN\u00c1RIA,<\/u><\/strong><\/p>\n<p align=\"center\"><strong><u>DA 3\u00aa<\/u><\/strong>\u00a0<strong><u>SESS\u00c3O<\/u><\/strong>\u00a0<strong><u>LEGISLATIVA,<\/u><\/strong><\/p>\n<p align=\"center\"><strong><u>DA 7\u00aa LEGISLATURA, A REALIZAR-SE<\/u><\/strong><\/p>\n<p align=\"center\"><strong><u>NO DIA 14\/12\/2015 \u2013 SEGUNDA-FEIRA<\/u><\/strong><\/p>\n<p align=\"center\"><strong><u>\u00c0S 19 HORAS<\/u><\/strong><\/p>\n<p align=\"center\">\n<p align=\"center\">\n<p align=\"center\"><strong><u>EXPEDIENTE DE VEREADORES<\/u><\/strong><\/p>\n<p>&nbsp;<\/p>\n<p><strong>MO\u00c7\u00c3O DE APLAUSO N\u00ba 126\/2015 \u2013 VER. S\u00d4NIA MARAN<\/strong><\/p>\n<p>A Vereadora S\u00f4nia Maran, da C\u00e2mara Municipal de Chapad\u00e3o do Sul, que esta subscreve, dispensadas as formalidades regimentais, encaminha MO\u00c7\u00c3O DE APLAUSO ao Senhor Walter Schlatter, eleito na \u00faltima quinta \u2013 feira, dia 10 de dezembro para a presid\u00eancia da AMPASUL Associa\u00e7\u00e3o Sul-Mato-Grossense dos Produtores de Algod\u00e3o.<\/p>\n<p align=\"center\"><strong><u>ORDEM DO DIA<\/u><\/strong><\/p>\n<p>&#8211; <strong>PROPOSTA DE EMENDA REVISIONAL N\u00ba 001\/2015. <\/strong>\u201cDisp\u00f5e sobre a revis\u00e3o \u00e0 Lei Org\u00e2nica do Munic\u00edpio de Chapad\u00e3o do Sul e d\u00e1 outras provid\u00eancias.\u201d<\/p>\n<p>&nbsp;<\/p>\n<p>&#8211; <strong>Veto parcial<\/strong> <strong>ao Aut\u00f3grafo n\u00ba 1157\/2015<\/strong>, de 16 de novembro de 2015. \u201cESTIMA A RECEITA FIXA A DESPESA DO MUNIC\u00cdPIO DE CHAPAD\u00c3O DO SUL\/MS, PARA O EXERC\u00cdCIO DE 2016, E D\u00c1 OUTRAS PROVID\u00caNCIAS\u201d.<\/p>\n<p>&nbsp;<\/p>\n<p><strong>&#8211; Projeto de Lei n\u00ba 161\/2015<\/strong>. Executivo que: \u201cDesafeta \u00c1rea de Dom\u00ednio do Munic\u00edpio \u2013 \u00c1rea Institucional &#8211; e d\u00e1 outras provid\u00eancias\u201d.<\/p>\n<p>&nbsp;<\/p>\n<p><strong>&#8211; Projeto de Lei n\u00ba 162\/2015<\/strong>. Executivo que: \u201cConcede Subven\u00e7\u00e3o Econ\u00f4mico \u00e0 Associa\u00e7\u00e3o dos Agricultores Familiares do P. A. Aroeira e d\u00e1 outras provid\u00eancias\u201d.<\/p>\n<p>&nbsp;<\/p>\n<p>&#8211; <strong>Projeto de Lei n\u00ba 163\/2015<\/strong>. Executivo que: \u201cAutoriza o Poder Executivo Municipal a doar lotes de terreno de sua propriedade aos benefici\u00e1rios de Programas de Interesse Social\u201d.<\/p>\n<p>&nbsp;<\/p>\n<p>&nbsp;<\/p>\n<p>&nbsp;<\/p>\n<p align=\"center\">SECRETARIA DAS SESS\u00d5ES, 14 DE DEZEMBRO DE 2015.<\/p>\n<p align=\"center\">Jacqueline C. Tomiazzi Belotti,<\/p>\n<p align=\"center\">Coordenadora de Atividades Legislativa.<\/p>\n","protected":false},"excerpt":{"rendered":"<p>PAUTA PARA A 1090\u00aa SESS\u00c3O ORDIN\u00c1RIA, DA 3\u00aa\u00a0SESS\u00c3O\u00a0LEGISLATIVA, DA 7\u00aa LEGISLATURA, A REALIZAR-SE NO DIA 14\/12\/2015 \u2013 SEGUNDA-FEIRA \u00c0S 19 HORAS EXPEDIENTE DE VEREADORES &nbsp; MO\u00c7\u00c3O DE APLAUSO N\u00ba 126\/2015 \u2013 VER. S\u00d4NIA MARAN A Vereadora S\u00f4nia Maran, da C\u00e2mara Municipal de Chapad\u00e3o do Sul, que esta subscreve, dispensadas as formalidades regimentais, encaminha MO\u00c7\u00c3O DE [&hellip;]<\/p>\n","protected":false},"author":4,"featured_media":12124,"comment_status":"closed","ping_status":"closed","sticky":false,"template":"","format":"standard","meta":{"footnotes":""},"categories":[20],"tags":[],"class_list":["post-17076","post","type-post","status-publish","format-standard","has-post-thumbnail","hentry","category-camara-municipal"],"_links":{"self":[{"href":"https:\/\/www.ocorreionews.com.br\/acervo-correio\/index.php?rest_route=\/wp\/v2\/posts\/17076","targetHints":{"allow":["GET"]}}],"collection":[{"href":"https:\/\/www.ocorreionews.com.br\/acervo-correio\/index.php?rest_route=\/wp\/v2\/posts"}],"about":[{"href":"https:\/\/www.ocorreionews.com.br\/acervo-correio\/index.php?rest_route=\/wp\/v2\/types\/post"}],"author":[{"embeddable":true,"href":"https:\/\/www.ocorreionews.com.br\/acervo-correio\/index.php?rest_route=\/wp\/v2\/users\/4"}],"replies":[{"embeddable":true,"href":"https:\/\/www.ocorreionews.com.br\/acervo-correio\/index.php?rest_route=%2Fwp%2Fv2%2Fcomments&post=17076"}],"version-history":[{"count":0,"href":"https:\/\/www.ocorreionews.com.br\/acervo-correio\/index.php?rest_route=\/wp\/v2\/posts\/17076\/revisions"}],"wp:featuredmedia":[{"embeddable":true,"href":"https:\/\/www.ocorreionews.com.br\/acervo-correio\/index.php?rest_route=\/wp\/v2\/media\/12124"}],"wp:attachment":[{"href":"https:\/\/www.ocorreionews.com.br\/acervo-correio\/index.php?rest_route=%2Fwp%2Fv2%2Fmedia&parent=17076"}],"wp:term":[{"taxonomy":"category","embeddable":true,"href":"https:\/\/www.ocorreionews.com.br\/acervo-correio\/index.php?rest_route=%2Fwp%2Fv2%2Fcategories&post=17076"},{"taxonomy":"post_tag","embeddable":true,"href":"https:\/\/www.ocorreionews.com.br\/acervo-correio\/index.php?rest_route=%2Fwp%2Fv2%2Ftags&post=17076"}],"curies":[{"name":"wp","href":"https:\/\/api.w.org\/{rel}","templated":true}]}}