{"id":17081,"date":"2015-12-14T14:09:20","date_gmt":"2015-12-14T17:09:20","guid":{"rendered":"https:\/\/ocorreionews.com.br\/?p=17081"},"modified":"2015-12-14T14:09:20","modified_gmt":"2015-12-14T17:09:20","slug":"nesta-sexta-tem-show-com-conrado-e-aleksandro-em-chapadao-do-sul","status":"publish","type":"post","link":"https:\/\/www.ocorreionews.com.br\/acervo-correio\/?p=17081","title":{"rendered":"Nesta sexta tem show com Conrado e Aleksandro em Chapad\u00e3o do Sul"},"content":{"rendered":"<p>Mais um grande show acontece em Chapad\u00e3o do Sul, Conrado e Aleksandro. O show da dupla acontece nesta sexta-feira\u00a018 de dezembro, no gin\u00e1sio do Clube Paineiras. Uma mega estrutura ser\u00e1 montada para o evento.<\/p>\n<p>Al\u00e9m do show do Conrado e Aleksandro, o evento contara com a participa\u00e7\u00e3o de Deniz e Lucas e do Dj Luiz Renato.<\/p>\n<p><strong>Ingressos<\/strong><\/p>\n<p><strong>Pista:<\/strong> 1\u00ba Lote R$30,00; 2\u00ba Lote 40,00 e 3\u00ba Lote???<\/p>\n<p><strong>Camarote<\/strong>: 1\u00ba Lote R$50,00; 2\u00ba Lote 60,00 e 3\u00ba Lote???<\/p>\n<p><strong>Pontos de Vendas<\/strong><\/p>\n<p><strong>Chapad\u00e3o do Sul: <\/strong>Farm\u00e1cia Farma+ ; Tiago Cabeleireiro; Viaje Aqui Turismo<\/p>\n<p><strong>Chapad\u00e3o do C\u00e9u GO: <\/strong>Destak News<\/p>\n<p><strong>Costa Rica: <\/strong>Deck Conveni\u00eancias<\/p>\n<p><strong>Para\u00edso das \u00c1guas: <\/strong>Farm\u00e1cia Dumed<\/p>\n<p>&nbsp;<\/p>\n<p>Maiores Informa\u00e7\u00f5es (67) 9916-3549<\/p>\n<p><a href=\"https:\/\/ocorreionews.com.br\/wp-content\/uploads\/2015\/11\/conradoealeksandro-.jpg\" rel=\"lightbox[16171]\"><img loading=\"lazy\" decoding=\"async\" class=\"alignnone wp-image-16426 size-full\" src=\"https:\/\/ocorreionews.com.br\/wp-content\/uploads\/2015\/11\/conradoealeksandro-.jpg\" sizes=\"auto, (max-width: 300px) 100vw, 300px\" srcset=\"https:\/\/ocorreionews.com.br\/wp-content\/uploads\/2015\/11\/conradoealeksandro--300x220.jpg 300w, https:\/\/ocorreionews.com.br\/wp-content\/uploads\/2015\/11\/conradoealeksandro-.jpg 960w\" alt=\"conradoealeksandro\" width=\"960\" height=\"704\" \/><\/a><\/p>\n","protected":false},"excerpt":{"rendered":"<p>Mais um grande show acontece em Chapad\u00e3o do Sul, Conrado e Aleksandro. O show da dupla acontece nesta sexta-feira\u00a018 de dezembro, no gin\u00e1sio do Clube Paineiras. Uma mega estrutura ser\u00e1 montada para o evento. Al\u00e9m do show do Conrado e Aleksandro, o evento contara com a participa\u00e7\u00e3o de Deniz e Lucas e do Dj Luiz [&hellip;]<\/p>\n","protected":false},"author":4,"featured_media":16425,"comment_status":"closed","ping_status":"closed","sticky":false,"template":"","format":"standard","meta":{"footnotes":""},"categories":[23],"tags":[],"class_list":["post-17081","post","type-post","status-publish","format-standard","has-post-thumbnail","hentry","category-chapadao-do-sul"],"_links":{"self":[{"href":"https:\/\/www.ocorreionews.com.br\/acervo-correio\/index.php?rest_route=\/wp\/v2\/posts\/17081","targetHints":{"allow":["GET"]}}],"collection":[{"href":"https:\/\/www.ocorreionews.com.br\/acervo-correio\/index.php?rest_route=\/wp\/v2\/posts"}],"about":[{"href":"https:\/\/www.ocorreionews.com.br\/acervo-correio\/index.php?rest_route=\/wp\/v2\/types\/post"}],"author":[{"embeddable":true,"href":"https:\/\/www.ocorreionews.com.br\/acervo-correio\/index.php?rest_route=\/wp\/v2\/users\/4"}],"replies":[{"embeddable":true,"href":"https:\/\/www.ocorreionews.com.br\/acervo-correio\/index.php?rest_route=%2Fwp%2Fv2%2Fcomments&post=17081"}],"version-history":[{"count":0,"href":"https:\/\/www.ocorreionews.com.br\/acervo-correio\/index.php?rest_route=\/wp\/v2\/posts\/17081\/revisions"}],"wp:featuredmedia":[{"embeddable":true,"href":"https:\/\/www.ocorreionews.com.br\/acervo-correio\/index.php?rest_route=\/wp\/v2\/media\/16425"}],"wp:attachment":[{"href":"https:\/\/www.ocorreionews.com.br\/acervo-correio\/index.php?rest_route=%2Fwp%2Fv2%2Fmedia&parent=17081"}],"wp:term":[{"taxonomy":"category","embeddable":true,"href":"https:\/\/www.ocorreionews.com.br\/acervo-correio\/index.php?rest_route=%2Fwp%2Fv2%2Fcategories&post=17081"},{"taxonomy":"post_tag","embeddable":true,"href":"https:\/\/www.ocorreionews.com.br\/acervo-correio\/index.php?rest_route=%2Fwp%2Fv2%2Ftags&post=17081"}],"curies":[{"name":"wp","href":"https:\/\/api.w.org\/{rel}","templated":true}]}}