{"id":17103,"date":"2015-12-14T15:48:29","date_gmt":"2015-12-14T18:48:29","guid":{"rendered":"https:\/\/ocorreionews.com.br\/?p=17103"},"modified":"2015-12-14T15:50:27","modified_gmt":"2015-12-14T18:50:27","slug":"inaugurada-em-itaja-delegacia-construida-pela-mobilizacao-da-comunidade","status":"publish","type":"post","link":"https:\/\/www.ocorreionews.com.br\/acervo-correio\/?p=17103","title":{"rendered":"Inaugurada em Itaj\u00e1 delegacia construida pela mobiliza\u00e7\u00e3o da comunidade"},"content":{"rendered":"<p style=\"text-align: justify;\"><strong>Itaj\u00e1 <\/strong>&#8211; \u201cSatisfa\u00e7\u00e3o e gratid\u00e3o. Estes s\u00e3o os dois sentimentos que tenho ao participar da inaugura\u00e7\u00e3o da Delegacia de Pol\u00edcia de Itaj\u00e1\u201d. Estas palavras foram a s\u00edntese do promotor de Justi\u00e7a Andr\u00e9 Lu\u00eds Ribeiro Duarte sobre a inaugura\u00e7\u00e3o da unidade da Pol\u00edcia Civil no munic\u00edpio, realizada ontem (10\/12). A satisfa\u00e7\u00e3o, segundo explicou, \u00e9 por ver um sonho realizado, um projeto conclu\u00eddo; j\u00e1 a gratid\u00e3o \u00e9 ao apoio e \u00e0 contribui\u00e7\u00e3o de in\u00fameras pessoas e institui\u00e7\u00f5es para a conclus\u00e3o da obra, na qual n\u00e3o foi empregada diretamente nenhuma verba p\u00fablica.<\/p>\n<p style=\"text-align: justify;\">A obra, que possui 320 metros quadrados e na qual foram gastos cerca de R$ 230 mil, incluindo o mobili\u00e1rio, foi totalmente constru\u00edda pela comunidade, no per\u00edodo de um ano e meio. Administrada pelo Conselho Comunit\u00e1rio de Seguran\u00e7a de Defesa Social (Conseg), a constru\u00e7\u00e3o contou com a doa\u00e7\u00e3o de pessoas f\u00edsicas e jur\u00eddicas, recursos advindos de transa\u00e7\u00f5es penais, e a articula\u00e7\u00e3o dos poderes p\u00fablicos. Al\u00e9m disso, os prefeitos e vereadores dos munic\u00edpios de<span style=\"color: #ff0000;\"> <strong>Itaj\u00e1<\/strong>, <strong>Apor\u00e9<\/strong> e <strong>Lagoa Santa<\/strong><\/span> apoiaram a constru\u00e7\u00e3o, por meio da autoriza\u00e7\u00e3o para a utiliza\u00e7\u00e3o de maquin\u00e1rio e m\u00e3o de obra. Trabalharam ainda na obra 17 reeducandos de Itaj\u00e1, que ter\u00e3o direito ao benef\u00edcio da redu\u00e7\u00e3o da pena.<\/p>\n<p style=\"text-align: justify;\">O Poder Judici\u00e1rio tamb\u00e9m deu total apoio \u00e0 iniciativa. No entanto, segundo destacou o juiz da comarca, Adenito Francisco Mariano J\u00fanior, apesar de todos terem ajudado na constru\u00e7\u00e3o, se o promotor Andr\u00e9 Lu\u00eds n\u00e3o estivesse \u00e0 frente, o projeto n\u00e3o seria realizado.<br \/>\nConforme asseverou o promotor, n\u00e3o \u00e9, de fato, uma obriga\u00e7\u00e3o de um promotor de Justi\u00e7a construir uma delegacia, mas \u00e9, sim, o dever de um membro do MP fiscalizar a lei e garantir os direitos da popula\u00e7\u00e3o. \u201c\u00c9 preciso acreditar que a gente pode. Quando a sociedade se empodera em prol de um objetivo, ningu\u00e9m segura, porque o poder emana do povo!\u201d, afirmou.<\/p>\n<p style=\"text-align: justify;\">Em rela\u00e7\u00e3o \u00e0 estrutura da Pol\u00edcia Civil em Itaj\u00e1, ele apontou que o munic\u00edpio chegou a contar permanentemente apenas com um escriv\u00e3o. Diante desta situa\u00e7\u00e3o, o promotor buscou di\u00e1logo com a Secretaria Estadual de Seguran\u00e7a P\u00fablica e prop\u00f4s a constru\u00e7\u00e3o comunit\u00e1ria da unidade, e que o governo do Estado providenciasse um efetivo composto por um delegado, um escriv\u00e3o e dois agentes.<\/p>\n<p style=\"text-align: justify;\">Esta negocia\u00e7\u00e3o foi detalhada pelo presidente do Conseg, Alcides J\u00fanior, que destacou a import\u00e2ncia de uma melhor estrutura\u00e7\u00e3o da Pol\u00edcia Civil no munic\u00edpio, o qual est\u00e1 localizado na fronteira com Mato Grosso do Sul, no extremo Sudoeste goiano, com a ocorr\u00eancia de crimes como tr\u00e1fico de drogas, de ve\u00edculos e de mercadorias. Ele igualmente destacou a import\u00e2ncia da atua\u00e7\u00e3o do promotor. \u201cPor meio de sua ajuda e do Minist\u00e9rio P\u00fablico, entendemos o que \u00e9 empoderamento social\u201d, refor\u00e7ou. Os prefeitos de Itaj\u00e1, Luciano Le\u00e3o; Apor\u00e9, Ailton da Pena, e de Lagoa Santa, Advair Macedo, munic\u00edpios que ser\u00e3o beneficiados com a constru\u00e7\u00e3o da unidade de pol\u00edcia, apontaram os benef\u00edcios da estrutura\u00e7\u00e3o da Pol\u00edcia Civil.<\/p>\n<p style=\"text-align: justify;\"><strong>Estrutura\u00e7\u00e3o da seguran\u00e7a p\u00fablica<\/strong><br \/>\n<a href=\"http:\/\/plantaojti.com.br\/wp-content\/uploads\/2015\/12\/Falas-Dr-Rodney-SSP-DR-Andre-e-Juiz.jpeg\" rel=\"lightbox-0\"><img loading=\"lazy\" decoding=\"async\" class=\"alignleft size-medium wp-image-42882\" src=\"http:\/\/plantaojti.com.br\/wp-content\/uploads\/2015\/12\/Falas-Dr-Rodney-SSP-DR-Andre-e-Juiz-300x199.jpeg\" alt=\"Falas Dr Rodney SSP DR Andre e Juiz\" width=\"300\" height=\"199\" \/><\/a>Tamb\u00e9m presente na cerim\u00f4nia de inaugura\u00e7\u00e3o, o secret\u00e1rio estadual de Seguran\u00e7a P\u00fablica, Joaquim Mesquita, garantiu que far\u00e1 todos os esfor\u00e7os para cumprir a parte que caber\u00e1 ao Estado, mas ponderou que a defini\u00e7\u00e3o dos recursos humanos \u00e9 um complicador, tendo em vista que alguns servidores, mesmo que designados para o munic\u00edpio, podem, por circunst\u00e2ncias diversas, n\u00e3o permanecerem l\u00e1. O secret\u00e1rio destacou ainda o fato de a obra ter sido conclu\u00edda em um ano de crise financeira, o que mostra o forte engajamento da comunidade em prol da melhoria da seguran\u00e7a p\u00fablica. Ele ponderou, contudo, que \u201ca estrutura n\u00e3o significa que n\u00e3o teremos problemas de seguran\u00e7a p\u00fablica, mas significa que teremos condi\u00e7\u00f5es melhores de resolu\u00e7\u00f5es dos crimes\u201d.<\/p>\n<p style=\"text-align: justify;\">O superintendente de Administra\u00e7\u00e3o Penitenci\u00e1ria, coronel Edson Ara\u00fajo, acrescentou que o grupo conseguiu transpor as dificuldades e cumprir um grande desafio. \u201cN\u00e3o podemos nos esquecer que o sistema penitenci\u00e1rio deve preservar a ideia da reinser\u00e7\u00e3o, de que os reeducandos t\u00eam que sair de cabe\u00e7a erguida\u201d. O delegado-geral da Pol\u00edcia Civil, Jo\u00e3o Carlos Gorski, comentou que a finaliza\u00e7\u00e3o da unidade concretiza o ditado: \u201ca uni\u00e3o faz a for\u00e7a\u201d. Fruto da articula\u00e7\u00e3o entre o Minist\u00e9rio P\u00fablico de Goi\u00e1s e a Secretaria de Seguran\u00e7a P\u00fablica, tamb\u00e9m foi inaugurada ontem (10\/12) a Base Operacional da 18\u00aa Companhia Independente da Pol\u00edcia Militar de Goi\u00e1s (CIPM).<\/p>\n<p style=\"text-align: justify;\"><strong><a href=\"http:\/\/plantaojti.com.br\/wp-content\/uploads\/2015\/12\/10-12-15-Movimenta%C3%A7ao-do-PUBLICO-076.jpeg\" rel=\"lightbox-1\"><img loading=\"lazy\" decoding=\"async\" class=\"alignright size-medium wp-image-42879\" src=\"http:\/\/plantaojti.com.br\/wp-content\/uploads\/2015\/12\/10-12-15-Movimenta%C3%A7ao-do-PUBLICO-076-300x199.jpeg\" alt=\"10-12-15 Movimenta\u00e7ao do PUBLICO 076\" width=\"300\" height=\"199\" \/><\/a>Exerc\u00edcio da cidadania<\/strong><br \/>\nO subprocurador-geral de Justi\u00e7a para Assuntos Administrativos, Rodney da Silva, definiu a conclus\u00e3o da obra como um movimento de cidadania. \u201cEste \u00e9 um exerc\u00edcio pleno da cidadania\u201d, destacou. Ele ressaltou que o Plano Geral de Atua\u00e7\u00e3o do MP-GO tem o enfoque no combate \u00e0 corrup\u00e7\u00e3o e, segundo analisou, a melhor forma de tornar o combate \u00e0 corrup\u00e7\u00e3o mais efetivo \u00e9 fazer com que a sociedade se envolva e saiba como desenvolver formas de combater. E acrescentou: \u201cVale a pena sonhar!\u201d<\/p>\n<p style=\"text-align: justify;\">Sobre o sonho de desenvolver o projeto de constru\u00e7\u00e3o do edif\u00edcio da Delegacia de Pol\u00edcia, o promotor Andr\u00e9 Lu\u00eds falou que inicialmente muitas pessoas n\u00e3o acreditaram na proposta, mas que, com o empenho de todos e a f\u00e9 de que seria poss\u00edvel concretizar a obra, o sonho tornou-se realidade. O promotor j\u00e1 havia desenvolvido uma iniciativa nos mesmos moldes em Campos Belos, comarca na qual atuou. L\u00e1, a comunidade construiu a sede do Instituto M\u00e9dico-Legal e da 1\u00aa Delegacia de Pol\u00edcia, que atende outros seis munic\u00edpios. Veja sobre esta iniciativa no Saiba Mais.<\/p>\n<p style=\"text-align: justify;\"><strong>Homenagens<\/strong><br \/>\n<a href=\"http:\/\/plantaojti.com.br\/wp-content\/uploads\/2015\/12\/10-12-15-Fala-Pres-CONSEG-118.jpeg\" rel=\"lightbox-2\"><img loading=\"lazy\" decoding=\"async\" class=\"alignleft size-medium wp-image-42881\" src=\"http:\/\/plantaojti.com.br\/wp-content\/uploads\/2015\/12\/10-12-15-Fala-Pres-CONSEG-118-300x199.jpeg\" alt=\"10-12-15 Fala Pres CONSEG 118\" width=\"300\" height=\"199\" \/><\/a>Durante a cerim\u00f4nia de inaugura\u00e7\u00e3o, a C\u00e2mara Municipal de Itaj\u00e1, por meio do presidente do Legislativo, Iris Augusto de Assis, homenageou o mestre de obras Igl\u00ea Fernandes de Assis, pela dedica\u00e7\u00e3o ao trabalho. No descerramento das placas de inaugura\u00e7\u00e3o foi feita tamb\u00e9m uma homenagem do MP-GO e do Conseg aos reeducandos que trabalharam na obra. No texto da placa ficou o registro: \u201cAs mesmas m\u00e3os que foram utilizadas um dia para pr\u00e1ticas criminosas s\u00e3o as m\u00e3os que constru\u00edram esta obra em benef\u00edcio da comunidade\u201d. O reeducando Juc\u00e9lio Concei\u00e7\u00e3o dos Santos falou sobre a experi\u00eancia de ter trabalhado na obra, apontando que estar na Col\u00f4nia Penal Agr\u00edcola de Itaj\u00e1 contribuiu para que ele tivesse se decidido a ter uma nova vida e, a partir de agora, estar longe do crime.<\/p>\n<p style=\"text-align: justify;\">Participaram ainda do evento, que reuniu mais de 150 pessoas, os promotores de Justi\u00e7a Paulo Brondi, de Jata\u00ed, e Marcelo Miranda, de Cachoeira Alta; o presidente do Conselho da Comunidade, F\u00e1bio Leal; o delegado regional da Pol\u00edcia Civil, Marcos Rog\u00e9rio Guerini; o delegado de Pol\u00edcia de Itaj\u00e1, Caio Mart\u00ednez, o comandante do 18\u00ba CIPM, capit\u00e3o S\u00edlvio Luciano; o comandante do destacamento local da Pol\u00edcia Militar, sargento Marques, o delegado da OAB em Itaj\u00e1, Marco Ant\u00f4nio de Souza, e o delegado do Conselho de Arquitetura do Mato Grosso do Sul, Jean Gl\u00eaik Martins Carvalho, que doou o projeto arquitet\u00f4nico da delegacia. Compareceram tamb\u00e9m os representantes do Sindicato Rural de Itaj\u00e1, da Associa\u00e7\u00e3o Comercial do Munic\u00edpio, do Conselho Tutelar, da Agrodefesa, e da Loja Ma\u00e7\u00f4nica.<em> (Texto: Cristina Rosa \u2013 fotos: Jo\u00e3o S\u00e9rgio \/ Assessoria de Comunica\u00e7\u00e3o Social do MP-GO)<\/em><\/p>\n","protected":false},"excerpt":{"rendered":"<p>Itaj\u00e1 &#8211; \u201cSatisfa\u00e7\u00e3o e gratid\u00e3o. Estes s\u00e3o os dois sentimentos que tenho ao participar da inaugura\u00e7\u00e3o da Delegacia de Pol\u00edcia de Itaj\u00e1\u201d. Estas palavras foram a s\u00edntese do promotor de Justi\u00e7a Andr\u00e9 Lu\u00eds Ribeiro Duarte sobre a inaugura\u00e7\u00e3o da unidade da Pol\u00edcia Civil no munic\u00edpio, realizada ontem (10\/12). A satisfa\u00e7\u00e3o, segundo explicou, \u00e9 por ver [&hellip;]<\/p>\n","protected":false},"author":4,"featured_media":17104,"comment_status":"closed","ping_status":"closed","sticky":false,"template":"","format":"standard","meta":{"footnotes":""},"categories":[38],"tags":[],"class_list":["post-17103","post","type-post","status-publish","format-standard","has-post-thumbnail","hentry","category-policia"],"_links":{"self":[{"href":"https:\/\/www.ocorreionews.com.br\/acervo-correio\/index.php?rest_route=\/wp\/v2\/posts\/17103","targetHints":{"allow":["GET"]}}],"collection":[{"href":"https:\/\/www.ocorreionews.com.br\/acervo-correio\/index.php?rest_route=\/wp\/v2\/posts"}],"about":[{"href":"https:\/\/www.ocorreionews.com.br\/acervo-correio\/index.php?rest_route=\/wp\/v2\/types\/post"}],"author":[{"embeddable":true,"href":"https:\/\/www.ocorreionews.com.br\/acervo-correio\/index.php?rest_route=\/wp\/v2\/users\/4"}],"replies":[{"embeddable":true,"href":"https:\/\/www.ocorreionews.com.br\/acervo-correio\/index.php?rest_route=%2Fwp%2Fv2%2Fcomments&post=17103"}],"version-history":[{"count":0,"href":"https:\/\/www.ocorreionews.com.br\/acervo-correio\/index.php?rest_route=\/wp\/v2\/posts\/17103\/revisions"}],"wp:featuredmedia":[{"embeddable":true,"href":"https:\/\/www.ocorreionews.com.br\/acervo-correio\/index.php?rest_route=\/wp\/v2\/media\/17104"}],"wp:attachment":[{"href":"https:\/\/www.ocorreionews.com.br\/acervo-correio\/index.php?rest_route=%2Fwp%2Fv2%2Fmedia&parent=17103"}],"wp:term":[{"taxonomy":"category","embeddable":true,"href":"https:\/\/www.ocorreionews.com.br\/acervo-correio\/index.php?rest_route=%2Fwp%2Fv2%2Fcategories&post=17103"},{"taxonomy":"post_tag","embeddable":true,"href":"https:\/\/www.ocorreionews.com.br\/acervo-correio\/index.php?rest_route=%2Fwp%2Fv2%2Ftags&post=17103"}],"curies":[{"name":"wp","href":"https:\/\/api.w.org\/{rel}","templated":true}]}}