{"id":17126,"date":"2015-12-15T08:29:50","date_gmt":"2015-12-15T11:29:50","guid":{"rendered":"https:\/\/ocorreionews.com.br\/?p=17126"},"modified":"2015-12-15T08:43:30","modified_gmt":"2015-12-15T11:43:30","slug":"professores-vestem-de-preto-e-com-cartaz-pedem-apoio-na-camara-municipal","status":"publish","type":"post","link":"https:\/\/www.ocorreionews.com.br\/acervo-correio\/?p=17126","title":{"rendered":"Professores vestem se de preto e com cartaz pedem apoio na C\u00e2mara Municipal"},"content":{"rendered":"<p>Na noite de ontem um grupo de professores do munic\u00edpio <em>de<\/em> Chapad\u00e3o do Sul, vestidos de preto e com cartazes, participaram da ultima sess\u00e3o do Legislativo, em busca de apoio contra a redu\u00e7\u00e3o dos seus sal\u00e1rios por parte do prefeito municipal.<\/p>\n<p>O grupo professores que s\u00e3o contratados, sem poder contar com o apoio do Sindicato e sem ter direito e voz nas decis\u00f5es da administra\u00e7\u00e3o, est\u00e3o revoltados com o novo edital do processo seletivo do munic\u00edpio, que reduz o sal\u00e1rio de R$ 1.600.00, para R$ 900.00, bem como a carga hor\u00e1ria. Desta forma, o professor ter\u00e1 menos tempo para fazer avalia\u00e7\u00f5es, elaborar plano de aula, de provas e atender pais e alunos.<\/p>\n<p>Os professores querem uma equipara\u00e7\u00e3o salarial com os demais, como nos anos anteriores. O novo edital e o contrato tr\u00e1s grande perdes para os professores, que se sente desmotivados para irem \u00e0s salas de aulas.<\/p>\n<p>O novo sal\u00e1rio elaborado pelo prefeito municipal, esta sendo comparados pelos professores, igual ou at\u00e9 menor que de muitas dom\u00e9sticas, da cidade.<\/p>\n<p>Os vereadores se mostraram preocupados com o fato e prometeram tentar encontrar uma solu\u00e7\u00e3o. Os professores realizaram um abaixo assinado e apresentaram um requerimento apontando irregularidade no edital. Caber\u00e1 agora aos vereadores, T\u00e2nia Francine, Wagner Teacher e Abel Lemes, membros da comiss\u00e3o de educa\u00e7\u00e3o do legislativo analisar e apresentar o parecer.<\/p>\n<p>A presidente do Legislativo, vereadora S\u00f4nia Maran, alegou que a medida do Executivo \u00e9 meramente politiqueira, j\u00e1 que falta de dinheiro n\u00e3o \u00e9, porque o pagamento vem do FUNDEB e ele teve um aumento em torno de R$ 1 milh\u00e3o de reais.<\/p>\n<p>Para os professores, o que a prefeitura esta fazendo e a desvaloriza\u00e7\u00e3o da classe e ao mesmo tempo desmotivando o professor do munic\u00edpio, que ter\u00e1 que buscar outras fontes de recursos para poder se manter.<\/p>\n<p><em>\u201cComo que o prefeito e a secret\u00e1ria de educa\u00e7\u00e3o vai querer ter um ensino de qualidade, se eles n\u00e3o valorizam o educador. O professor perde a vontade de se dedicar, na sala de aula, porque ele sabe que sua renda n\u00e3o ser\u00e1 suficiente para se manter. Veja bem, quem n\u00e3o tem resid\u00eancia pr\u00f3pria, n\u00e3o ter\u00e1 condi\u00e7\u00f5es de se dedicar somente a sala de aula, ter\u00e1 que buscar outra fonte de recurso, para poder pagar aluguel, \u00e1gua, luz e suas despesas. Com isso, quem perde e o aluno. Porque que nas administra\u00e7\u00f5es passada, tudo funcionou corretamente e somente nessa administra\u00e7\u00e3o \u00e9 que est\u00e1 errado, que \u00e9 ilegal? Como explicar ent\u00e3o que todas as contas das administra\u00e7\u00f5es passadas foram aprovadas? Alguma coisa muito estranha esta acontecendo nessa administra\u00e7\u00e3o\u201d.<\/em> Indaga\u00e7\u00e3o feita por uma das professoras presente na C\u00e2mara.<\/p>\n<p>Com rela\u00e7\u00e3o ao sindicato, elas o mesmo n\u00e3o se manifestou em favor da classe. As professoras alegam que o presidente \u00e9 amigo intimo do prefeito e o advogado \u00e9 defensor das causas do prefeito.<\/p>\n<p>Sobre os boatos de que eles estariam sendo amea\u00e7ados de ficarem sem aulas, sem contratados, os professores preferiram ficar calados, deixando um ponto de interroga\u00e7\u00e3o no ar.<\/p>\n","protected":false},"excerpt":{"rendered":"<p>Na noite de ontem um grupo de professores do munic\u00edpio de Chapad\u00e3o do Sul, vestidos de preto e com cartazes, participaram da ultima sess\u00e3o do Legislativo, em busca de apoio contra a redu\u00e7\u00e3o dos seus sal\u00e1rios por parte do prefeito municipal. O grupo professores que s\u00e3o contratados, sem poder contar com o apoio do Sindicato [&hellip;]<\/p>\n","protected":false},"author":4,"featured_media":17127,"comment_status":"closed","ping_status":"closed","sticky":false,"template":"","format":"standard","meta":{"footnotes":""},"categories":[23],"tags":[],"class_list":["post-17126","post","type-post","status-publish","format-standard","has-post-thumbnail","hentry","category-chapadao-do-sul"],"_links":{"self":[{"href":"https:\/\/www.ocorreionews.com.br\/acervo-correio\/index.php?rest_route=\/wp\/v2\/posts\/17126","targetHints":{"allow":["GET"]}}],"collection":[{"href":"https:\/\/www.ocorreionews.com.br\/acervo-correio\/index.php?rest_route=\/wp\/v2\/posts"}],"about":[{"href":"https:\/\/www.ocorreionews.com.br\/acervo-correio\/index.php?rest_route=\/wp\/v2\/types\/post"}],"author":[{"embeddable":true,"href":"https:\/\/www.ocorreionews.com.br\/acervo-correio\/index.php?rest_route=\/wp\/v2\/users\/4"}],"replies":[{"embeddable":true,"href":"https:\/\/www.ocorreionews.com.br\/acervo-correio\/index.php?rest_route=%2Fwp%2Fv2%2Fcomments&post=17126"}],"version-history":[{"count":0,"href":"https:\/\/www.ocorreionews.com.br\/acervo-correio\/index.php?rest_route=\/wp\/v2\/posts\/17126\/revisions"}],"wp:featuredmedia":[{"embeddable":true,"href":"https:\/\/www.ocorreionews.com.br\/acervo-correio\/index.php?rest_route=\/wp\/v2\/media\/17127"}],"wp:attachment":[{"href":"https:\/\/www.ocorreionews.com.br\/acervo-correio\/index.php?rest_route=%2Fwp%2Fv2%2Fmedia&parent=17126"}],"wp:term":[{"taxonomy":"category","embeddable":true,"href":"https:\/\/www.ocorreionews.com.br\/acervo-correio\/index.php?rest_route=%2Fwp%2Fv2%2Fcategories&post=17126"},{"taxonomy":"post_tag","embeddable":true,"href":"https:\/\/www.ocorreionews.com.br\/acervo-correio\/index.php?rest_route=%2Fwp%2Fv2%2Ftags&post=17126"}],"curies":[{"name":"wp","href":"https:\/\/api.w.org\/{rel}","templated":true}]}}