{"id":17136,"date":"2015-12-15T08:41:46","date_gmt":"2015-12-15T11:41:46","guid":{"rendered":"https:\/\/ocorreionews.com.br\/?p=17136"},"modified":"2015-12-15T13:36:45","modified_gmt":"2015-12-15T16:36:45","slug":"vereadores-rejeitam-emenda-e-camara-continuara-com-09-vereadores","status":"publish","type":"post","link":"https:\/\/www.ocorreionews.com.br\/acervo-correio\/?p=17136","title":{"rendered":"Vereadores rejeitam emenda e c\u00e2mara continuar\u00e1 com 09 vereadores"},"content":{"rendered":"<p>Na noite de ontem foi realizada a primeira vota\u00e7\u00e3o da Nova\u00a0 Lei Org\u00e2nica do munic\u00edpio. A\u00a0 Lei Org\u00e2nica foi toda reformulada. Ela era do ano de 1989 e recebeu diversas emendas. entre elas a do aumento do numero de vereadores de 09 para 11, proposta pelo vereadora Alirio Bacca, j\u00e1 o munic\u00edpio de\u00a0 Chapad\u00e3o do Sul, enquadra na lei do TSE, que autoriza o aumento para os municipios com mais de 20 mil habitantes. s.<\/p>\n<p>Ap\u00f3s parecer das comiss\u00f5es, a emenda foi colocada em vota\u00e7\u00e3o e rejeitada por 8&#215;1.<\/p>\n<p>Com esse resultado, Chapad\u00e3o do Sul continuar\u00e1 com 09 vereadores no Legislativo.<\/p>\n","protected":false},"excerpt":{"rendered":"<p>Na noite de ontem foi realizada a primeira vota\u00e7\u00e3o da Nova\u00a0 Lei Org\u00e2nica do munic\u00edpio. A\u00a0 Lei Org\u00e2nica foi toda reformulada. Ela era do ano de 1989 e recebeu diversas emendas. entre elas a do aumento do numero de vereadores de 09 para 11, proposta pelo vereadora Alirio Bacca, j\u00e1 o munic\u00edpio de\u00a0 Chapad\u00e3o do [&hellip;]<\/p>\n","protected":false},"author":4,"featured_media":4740,"comment_status":"closed","ping_status":"closed","sticky":false,"template":"","format":"standard","meta":{"footnotes":""},"categories":[20,23],"tags":[],"class_list":["post-17136","post","type-post","status-publish","format-standard","has-post-thumbnail","hentry","category-camara-municipal","category-chapadao-do-sul"],"_links":{"self":[{"href":"https:\/\/www.ocorreionews.com.br\/acervo-correio\/index.php?rest_route=\/wp\/v2\/posts\/17136","targetHints":{"allow":["GET"]}}],"collection":[{"href":"https:\/\/www.ocorreionews.com.br\/acervo-correio\/index.php?rest_route=\/wp\/v2\/posts"}],"about":[{"href":"https:\/\/www.ocorreionews.com.br\/acervo-correio\/index.php?rest_route=\/wp\/v2\/types\/post"}],"author":[{"embeddable":true,"href":"https:\/\/www.ocorreionews.com.br\/acervo-correio\/index.php?rest_route=\/wp\/v2\/users\/4"}],"replies":[{"embeddable":true,"href":"https:\/\/www.ocorreionews.com.br\/acervo-correio\/index.php?rest_route=%2Fwp%2Fv2%2Fcomments&post=17136"}],"version-history":[{"count":0,"href":"https:\/\/www.ocorreionews.com.br\/acervo-correio\/index.php?rest_route=\/wp\/v2\/posts\/17136\/revisions"}],"wp:featuredmedia":[{"embeddable":true,"href":"https:\/\/www.ocorreionews.com.br\/acervo-correio\/index.php?rest_route=\/wp\/v2\/media\/4740"}],"wp:attachment":[{"href":"https:\/\/www.ocorreionews.com.br\/acervo-correio\/index.php?rest_route=%2Fwp%2Fv2%2Fmedia&parent=17136"}],"wp:term":[{"taxonomy":"category","embeddable":true,"href":"https:\/\/www.ocorreionews.com.br\/acervo-correio\/index.php?rest_route=%2Fwp%2Fv2%2Fcategories&post=17136"},{"taxonomy":"post_tag","embeddable":true,"href":"https:\/\/www.ocorreionews.com.br\/acervo-correio\/index.php?rest_route=%2Fwp%2Fv2%2Ftags&post=17136"}],"curies":[{"name":"wp","href":"https:\/\/api.w.org\/{rel}","templated":true}]}}