{"id":17142,"date":"2015-12-15T10:40:35","date_gmt":"2015-12-15T13:40:35","guid":{"rendered":"https:\/\/ocorreionews.com.br\/?p=17142"},"modified":"2015-12-15T10:40:35","modified_gmt":"2015-12-15T13:40:35","slug":"mulher-invade-igreja-quebra-vidraca-de-protecao-e-destroi-imagem-de-santa","status":"publish","type":"post","link":"https:\/\/www.ocorreionews.com.br\/acervo-correio\/?p=17142","title":{"rendered":"Mulher invade igreja, quebra vidra\u00e7a de prote\u00e7\u00e3o e destr\u00f3i imagem de santa"},"content":{"rendered":"<p>Uma mulher de 42 anos invadiu a Par\u00f3quia Nossa Senhora Aparecida, no centro de Maracaju, quebrou uma prote\u00e7\u00e3o de vidro e destruiu a imagem de Nossa Senhora Aparecida. O fato aconteceu na tarde desta segunda-feira (14).<\/p>\n<p>De acordo com o site Tudo do MS, a mulher, que sofre de problemas mentais, entrou no sagu\u00e3o da igreja e, com uma pedra, quebrou a vidra\u00e7a que protegia a imagem da santa. Em seguida, derrubou a imagem, desferindo socos e pedradas.<\/p>\n<p>No momento de f\u00faria, ela pronunciava salmos e dizia que aquela imagem a machucava. Equipe da Pol\u00edcia Militar foi chamada para conter a mulher, que foi encaminhada para a delegacia e, em seguida, liberada.<\/p>\n<p>&nbsp;<\/p>\n<p>&nbsp;<\/p>\n<p>Correio do Estado<\/p>\n","protected":false},"excerpt":{"rendered":"<p>Uma mulher de 42 anos invadiu a Par\u00f3quia Nossa Senhora Aparecida, no centro de Maracaju, quebrou uma prote\u00e7\u00e3o de vidro e destruiu a imagem de Nossa Senhora Aparecida. O fato aconteceu na tarde desta segunda-feira (14). De acordo com o site Tudo do MS, a mulher, que sofre de problemas mentais, entrou no sagu\u00e3o da [&hellip;]<\/p>\n","protected":false},"author":4,"featured_media":17144,"comment_status":"closed","ping_status":"closed","sticky":false,"template":"","format":"standard","meta":{"footnotes":""},"categories":[38],"tags":[],"class_list":["post-17142","post","type-post","status-publish","format-standard","has-post-thumbnail","hentry","category-policia"],"_links":{"self":[{"href":"https:\/\/www.ocorreionews.com.br\/acervo-correio\/index.php?rest_route=\/wp\/v2\/posts\/17142","targetHints":{"allow":["GET"]}}],"collection":[{"href":"https:\/\/www.ocorreionews.com.br\/acervo-correio\/index.php?rest_route=\/wp\/v2\/posts"}],"about":[{"href":"https:\/\/www.ocorreionews.com.br\/acervo-correio\/index.php?rest_route=\/wp\/v2\/types\/post"}],"author":[{"embeddable":true,"href":"https:\/\/www.ocorreionews.com.br\/acervo-correio\/index.php?rest_route=\/wp\/v2\/users\/4"}],"replies":[{"embeddable":true,"href":"https:\/\/www.ocorreionews.com.br\/acervo-correio\/index.php?rest_route=%2Fwp%2Fv2%2Fcomments&post=17142"}],"version-history":[{"count":0,"href":"https:\/\/www.ocorreionews.com.br\/acervo-correio\/index.php?rest_route=\/wp\/v2\/posts\/17142\/revisions"}],"wp:featuredmedia":[{"embeddable":true,"href":"https:\/\/www.ocorreionews.com.br\/acervo-correio\/index.php?rest_route=\/wp\/v2\/media\/17144"}],"wp:attachment":[{"href":"https:\/\/www.ocorreionews.com.br\/acervo-correio\/index.php?rest_route=%2Fwp%2Fv2%2Fmedia&parent=17142"}],"wp:term":[{"taxonomy":"category","embeddable":true,"href":"https:\/\/www.ocorreionews.com.br\/acervo-correio\/index.php?rest_route=%2Fwp%2Fv2%2Fcategories&post=17142"},{"taxonomy":"post_tag","embeddable":true,"href":"https:\/\/www.ocorreionews.com.br\/acervo-correio\/index.php?rest_route=%2Fwp%2Fv2%2Ftags&post=17142"}],"curies":[{"name":"wp","href":"https:\/\/api.w.org\/{rel}","templated":true}]}}