{"id":17152,"date":"2015-12-15T13:50:09","date_gmt":"2015-12-15T16:50:09","guid":{"rendered":"https:\/\/ocorreionews.com.br\/?p=17152"},"modified":"2015-12-17T06:58:27","modified_gmt":"2015-12-17T09:58:27","slug":"nesta-quarta-feira-acontece-a-inauguracao-das-ampliacoes-do-predio-da-camara","status":"publish","type":"post","link":"https:\/\/www.ocorreionews.com.br\/acervo-correio\/?p=17152","title":{"rendered":"Amplia\u00e7\u00e3o da C\u00e2mara ser\u00e1 inaugurada nesta quarta-feira"},"content":{"rendered":"<p>Inaugura nesta quarta-feira (16) a amplia\u00e7\u00e3o do pr\u00e9dio da C\u00e2mara Municipal. O pr\u00e9dio contar\u00e1 com mais dez salas, tr\u00eas banheiros, jardim interno e uma ampla sala de reuni\u00f5es, que ser\u00e3o utilizadas pelos vereadores. A obra que foi executada em pouco mais de cinco meses custou aos cofres da c\u00e2mara o valor total de R$ 492.652,29.<\/p>\n<p>Esta amplia\u00e7\u00e3o vinha sendo debatida desde a legislatura passada, quando se cogitou a necessidade da constru\u00e7\u00e3o de mais gabinetes para os vereadores, uma vez que o atual pr\u00e9dio n\u00e3o contempla salas a todos os parlamentares.<\/p>\n<p>Segundo a presidente do Legislativo, vereadora S\u00f4nia Maran, a obra foi conclu\u00edda antes do prazo previsto, e custou um valor justo, analisados os benef\u00edcios que o novo pr\u00e9dio oferecer\u00e1 aos vereadores e tamb\u00e9m aos servidores da casa de leis.<\/p>\n<p>\u201cEsta obra foi licitada, executada e vai ser entregue dentro do prazo previsto e tudo de forma legal, o que mostra que \u00e9 poss\u00edvel come\u00e7ar e terminar uma obra de forma r\u00e1pida e eficaz no munic\u00edpio\u201d, enfatiza a vereadora. A cerim\u00f4nia de inaugura\u00e7\u00e3o est\u00e1 programada para ter in\u00edcio \u00e0s 18hs30. Toda \u00e0 popula\u00e7\u00e3o est\u00e1 convidada a participar do evento. (<strong>Assessoria de Comunica\u00e7\u00e3o<\/strong>)<\/p>\n<p>&nbsp;<\/p>\n<p style=\"text-align: justify;\"><a href=\"https:\/\/ocorreionews.com.br\/wp-content\/uploads\/2015\/12\/C\u00c2MARA-MUNICIPAL-IMAGEM-21.jpg\" rel=\"attachment wp-att-17155\"><img loading=\"lazy\" decoding=\"async\" class=\"alignnone wp-image-17155 size-full\" src=\"https:\/\/ocorreionews.com.br\/wp-content\/uploads\/2015\/12\/C\u00c2MARA-MUNICIPAL-IMAGEM-21.jpg\" alt=\"C\u00c2MARA MUNICIPAL IMAGEM 21\" width=\"650\" height=\"488\" srcset=\"https:\/\/www.ocorreionews.com.br\/acervo-correio\/wp-content\/uploads\/2015\/12\/C\u00c2MARA-MUNICIPAL-IMAGEM-21.jpg 650w, https:\/\/www.ocorreionews.com.br\/acervo-correio\/wp-content\/uploads\/2015\/12\/C\u00c2MARA-MUNICIPAL-IMAGEM-21-300x225.jpg 300w, https:\/\/www.ocorreionews.com.br\/acervo-correio\/wp-content\/uploads\/2015\/12\/C\u00c2MARA-MUNICIPAL-IMAGEM-21-100x75.jpg 100w\" sizes=\"auto, (max-width: 650px) 100vw, 650px\" \/><\/a><\/p>\n<p>&nbsp;<\/p>\n<p style=\"text-align: justify;\">\n","protected":false},"excerpt":{"rendered":"<p>Inaugura nesta quarta-feira (16) a amplia\u00e7\u00e3o do pr\u00e9dio da C\u00e2mara Municipal. O pr\u00e9dio contar\u00e1 com mais dez salas, tr\u00eas banheiros, jardim interno e uma ampla sala de reuni\u00f5es, que ser\u00e3o utilizadas pelos vereadores. A obra que foi executada em pouco mais de cinco meses custou aos cofres da c\u00e2mara o valor total de R$ 492.652,29. [&hellip;]<\/p>\n","protected":false},"author":4,"featured_media":17176,"comment_status":"closed","ping_status":"closed","sticky":false,"template":"","format":"standard","meta":{"footnotes":""},"categories":[20],"tags":[],"class_list":["post-17152","post","type-post","status-publish","format-standard","has-post-thumbnail","hentry","category-camara-municipal"],"_links":{"self":[{"href":"https:\/\/www.ocorreionews.com.br\/acervo-correio\/index.php?rest_route=\/wp\/v2\/posts\/17152","targetHints":{"allow":["GET"]}}],"collection":[{"href":"https:\/\/www.ocorreionews.com.br\/acervo-correio\/index.php?rest_route=\/wp\/v2\/posts"}],"about":[{"href":"https:\/\/www.ocorreionews.com.br\/acervo-correio\/index.php?rest_route=\/wp\/v2\/types\/post"}],"author":[{"embeddable":true,"href":"https:\/\/www.ocorreionews.com.br\/acervo-correio\/index.php?rest_route=\/wp\/v2\/users\/4"}],"replies":[{"embeddable":true,"href":"https:\/\/www.ocorreionews.com.br\/acervo-correio\/index.php?rest_route=%2Fwp%2Fv2%2Fcomments&post=17152"}],"version-history":[{"count":0,"href":"https:\/\/www.ocorreionews.com.br\/acervo-correio\/index.php?rest_route=\/wp\/v2\/posts\/17152\/revisions"}],"wp:featuredmedia":[{"embeddable":true,"href":"https:\/\/www.ocorreionews.com.br\/acervo-correio\/index.php?rest_route=\/wp\/v2\/media\/17176"}],"wp:attachment":[{"href":"https:\/\/www.ocorreionews.com.br\/acervo-correio\/index.php?rest_route=%2Fwp%2Fv2%2Fmedia&parent=17152"}],"wp:term":[{"taxonomy":"category","embeddable":true,"href":"https:\/\/www.ocorreionews.com.br\/acervo-correio\/index.php?rest_route=%2Fwp%2Fv2%2Fcategories&post=17152"},{"taxonomy":"post_tag","embeddable":true,"href":"https:\/\/www.ocorreionews.com.br\/acervo-correio\/index.php?rest_route=%2Fwp%2Fv2%2Ftags&post=17152"}],"curies":[{"name":"wp","href":"https:\/\/api.w.org\/{rel}","templated":true}]}}