{"id":1723,"date":"2015-05-16T08:09:35","date_gmt":"2015-05-16T12:09:35","guid":{"rendered":"https:\/\/ocorreionews.com.br\/?p=1723"},"modified":"2018-08-20T22:34:42","modified_gmt":"2018-08-21T02:34:42","slug":"presidente-do-psdb-vinicius-terin-agradece-emenda-do-dep-heuler-cruvinel","status":"publish","type":"post","link":"https:\/\/www.ocorreionews.com.br\/acervo-correio\/?p=1723","title":{"rendered":"Presidente do PSDB Vinicius Terin agradece emenda do Dep. Heuler Cruvinel"},"content":{"rendered":"<p>Na entrega oficial da emenda parlamentar do Deputado Federal Heuler Cruvinel(PSD), o Presidente do PSDB de Chapad\u00e3o do C\u00e9u, Vinicius Terin agradeceu o empenho do Deputado Heuler nos assuntos relacionados ao munic\u00edpio.<\/p>\n<p>\u201cApoiei o Deputado Heuler e fico grato pelos recursos que ele vem destinando ao munic\u00edpio, estes recursos s\u00e3o importantes para o Prefeito Rog\u00e9rio em sua administra\u00e7\u00e3o, pois, com o aumento da popula\u00e7\u00e3o fica imposs\u00edvel governar sem parcerias com os governos Estadual e Federal.\u201d Citou.<\/p>\n<p>O Sr. Vinicius Terin na ocasi\u00e3o declarou que em recente conversa com o Governador do Estado Marconi Perillo, reivindicou a retomada das obras com recursos do Estado que foram paralisadas, como a rodovi\u00e1ria e o asfaltamento da GO 306, que liga Chapad\u00e3o do C\u00e9u a Mineiros.<\/p>\n<p>\u201cEm reuni\u00e3o com o Governador Marconi, solicitei a retomada destas obras que s\u00e3o muito importantes para nossa popula\u00e7\u00e3o, sabemos que estamos passando por um momento de cortes de gastos, as obras est\u00e3o paralisadas n\u00e3o somente em Chapad\u00e3o do C\u00e9u, mas, em todo o Estado de Goi\u00e1s, o Governador Marconi garantiu que t\u00e3o logo a situa\u00e7\u00e3o seja normalizada e o Governo Federal fizer os repasses previstos, as obras ser\u00e3o reiniciadas\u201d<\/p>\n<p>Finalizou lembrando que Chapad\u00e3o do C\u00e9u flutua entre a 18\u00ba e 25\u00ba posi\u00e7\u00e3o entre os munic\u00edpios que mais arrecadam em Goi\u00e1s e precisa que parte desta contribui\u00e7\u00e3o retorne em forma de benef\u00edcios.<\/p>\n<p>Assecom C\u00e2mara Municipal<\/p>\n","protected":false},"excerpt":{"rendered":"<p>Na entrega oficial da emenda parlamentar do Deputado Federal Heuler Cruvinel(PSD), o Presidente do PSDB de Chapad\u00e3o do C\u00e9u, Vinicius Terin agradeceu o empenho do Deputado Heuler nos assuntos relacionados ao munic\u00edpio. \u201cApoiei o Deputado Heuler e fico grato pelos recursos que ele vem destinando ao munic\u00edpio, estes recursos s\u00e3o importantes para o Prefeito Rog\u00e9rio [&hellip;]<\/p>\n","protected":false},"author":4,"featured_media":1724,"comment_status":"closed","ping_status":"closed","sticky":false,"template":"","format":"standard","meta":{"footnotes":""},"categories":[22,41],"tags":[],"class_list":["post-1723","post","type-post","status-publish","format-standard","has-post-thumbnail","hentry","category-chapadao-do-ceu","category-destaque"],"_links":{"self":[{"href":"https:\/\/www.ocorreionews.com.br\/acervo-correio\/index.php?rest_route=\/wp\/v2\/posts\/1723","targetHints":{"allow":["GET"]}}],"collection":[{"href":"https:\/\/www.ocorreionews.com.br\/acervo-correio\/index.php?rest_route=\/wp\/v2\/posts"}],"about":[{"href":"https:\/\/www.ocorreionews.com.br\/acervo-correio\/index.php?rest_route=\/wp\/v2\/types\/post"}],"author":[{"embeddable":true,"href":"https:\/\/www.ocorreionews.com.br\/acervo-correio\/index.php?rest_route=\/wp\/v2\/users\/4"}],"replies":[{"embeddable":true,"href":"https:\/\/www.ocorreionews.com.br\/acervo-correio\/index.php?rest_route=%2Fwp%2Fv2%2Fcomments&post=1723"}],"version-history":[{"count":0,"href":"https:\/\/www.ocorreionews.com.br\/acervo-correio\/index.php?rest_route=\/wp\/v2\/posts\/1723\/revisions"}],"wp:featuredmedia":[{"embeddable":true,"href":"https:\/\/www.ocorreionews.com.br\/acervo-correio\/index.php?rest_route=\/wp\/v2\/media\/1724"}],"wp:attachment":[{"href":"https:\/\/www.ocorreionews.com.br\/acervo-correio\/index.php?rest_route=%2Fwp%2Fv2%2Fmedia&parent=1723"}],"wp:term":[{"taxonomy":"category","embeddable":true,"href":"https:\/\/www.ocorreionews.com.br\/acervo-correio\/index.php?rest_route=%2Fwp%2Fv2%2Fcategories&post=1723"},{"taxonomy":"post_tag","embeddable":true,"href":"https:\/\/www.ocorreionews.com.br\/acervo-correio\/index.php?rest_route=%2Fwp%2Fv2%2Ftags&post=1723"}],"curies":[{"name":"wp","href":"https:\/\/api.w.org\/{rel}","templated":true}]}}