{"id":172807,"date":"2021-04-20T13:59:12","date_gmt":"2021-04-20T17:59:12","guid":{"rendered":"https:\/\/www.ocorreionews.com.br\/acervo-correio\/?p=172807"},"modified":"2021-04-20T14:01:27","modified_gmt":"2021-04-20T18:01:27","slug":"prefeitura-de-cassilandia-publica-novo-decreto-municipal-endurecendo-as-regras-para-combate-da-covid-19","status":"publish","type":"post","link":"https:\/\/www.ocorreionews.com.br\/acervo-correio\/?p=172807","title":{"rendered":"Prefeitura de Cassil\u00e2ndia publica novo decreto municipal endurecendo as regras para combate da Covid-19"},"content":{"rendered":"<p>A Prefeitura de Cassil\u00e2ndia publicou na edi\u00e7\u00e3o desta ter\u00e7a-feira do Di\u00e1rio Oficial do Munic\u00edpio (edi\u00e7\u00e3o 1675) o Decreto 3.585\/2021, <i>\u201cdispondo em car\u00e1ter excepcional, sobre a cogest\u00e3o municipal do distanciamento e isolamento social controlado do Estado de Mato Grosso do Sul, institu\u00eddo pelo Decreto Estadual n\u00ba 15.644\/2021 e estabelece medidas sanit\u00e1rias segmentadas a serem adotados no Munic\u00edpio de Cassil\u00e2ndia\u201d.<\/i><\/p>\n<p>Segundo o site Cassil\u00e2ndia Not\u00edcias, as justificativas apresentadas pelo Prefeito Jair Boni Cogo para decretar as novas medidas, \u00e9 a sobrecarga do sistema de sa\u00fade, a exist\u00eancia de boletim epidemiol\u00f3gico indicando alto \u00edndice de contamina\u00e7\u00e3o da Covid-19 e, principalmente, a necessidade de salvar vidas, caso haja por parte da popula\u00e7\u00e3o \u201ccompreens\u00e3o e bom senso\u201d quanto \u00e0 imprescindibilidade das medidas de isolamento social r\u00edgida.<\/p>\n<div id=\"VIDEO_ALRIGHT\" class=\"VIDEO_ALRIGHT\">\n<div id=\"supertag-ad-5n46jxnqo\">\n<div class=\"trv-player-container\">\n<div id=\"br_video_player_8298e\" class=\"trvd_video_player\">\n<div class=\"media-player\">\n<div class=\"trv-floating-menu\">O decreto reafirma a obrigatoriedade de confinamento por parte dos mun\u00edcipes que estiverem suspeitos e\/ou confirmados para a Covid-19, sob pena de responsabiliza\u00e7\u00e3o pessoal penal, com fulcro no art. 268 do C\u00f3digo Penal.<\/div>\n<div><\/div>\n<\/div>\n<\/div>\n<\/div>\n<\/div>\n<\/div>\n<p>Estabelece, ainda o decreto, o dever de prote\u00e7\u00e3o \u00e0s pessoas do grupo de risco (idosos, imunodeprimidos, portadores de comorbidades, etc), instituindo, conforme o Estado de MS, o toque de recolher (das 21h00 \u00e0s 05h00).<\/p>\n<p>Exce\u00e7\u00f5es ao toque de recolher \u00e9 o delivery (entrega \u00e0 domic\u00edlio) de alimentos, deslocamento at\u00e9 uma unidade de sa\u00fade, assist\u00eancia e cuidado aos idosos, deslocamento ao trabalho e\/ou imprescind\u00edvel para o exerc\u00edcio profissional, devendo as pessoas que transitarem no hor\u00e1rio do Toque de Recolher, portar documento (quando poss\u00edvel) para comprovar o enquadramento nas exce\u00e7\u00f5es.<\/p>\n<p>H\u00e1 ainda situa\u00e7\u00f5es que est\u00e3o proibidas em qualquer hor\u00e1rio no munic\u00edpio de Cassil\u00e2ndia. S\u00e3o elas: com\u00e9rcio ambulante oriunda de outras localidades; pr\u00e1tica de jogos de sinuca, videogame, baralho e similares; uso de saunas; pr\u00e1tica de esportes coletivos; a pr\u00e1tica coletiva de esportes ao ar livre e ambientes fechados; pr\u00e1tica de festas, eventos e celebra\u00e7\u00f5es, com ou sem fins lucrativos, em ambientes abertos e fechados, p\u00fablico e\/ou privado; o consumo de bebidas alco\u00f3licas e qualquer outro tipo de bebidas em parques, pra\u00e7as, jardins e vias p\u00fablicas, bem como aglomera\u00e7\u00f5es.<\/p>\n<p>Segundo o art. 10 do referido Decreto, \u00e9 permitido a circula\u00e7\u00e3o no hor\u00e1rio do Toque de Recolher, de transporte de cargas, ve\u00edculos que fazem delivery, t\u00e1xis e moto-t\u00e1xis.<\/p>\n<p>Os estabelecimentos comerciais dever\u00e3o reduzir a lota\u00e7\u00e3o de sua empresa para 25% (vinte e cinco por cento) do total permitido, incluindo funcion\u00e1rios e colaboradores, com o controle de biosseguran\u00e7a na portaria, impedindo o ingresso de pessoas sem m\u00e1scaras e somente uma pessoa por fam\u00edlia.<\/p>\n<p>Ficou decretado tamb\u00e9m a obrigatoriedade do uso de m\u00e1scara no Munic\u00edpio de Cassil\u00e2ndia, com boca e nariz cobertos. O Decreto entra em vigor ontem (19\/04) e valer\u00e1 at\u00e9 o dia 23 de maio do corrente ano.<\/p>\n<p><a href=\"http:\/\/cassilandia.ms.gov.br\/uploads\/diarioOficial\/1675_(965).pdf\"><strong>Confira aqui na \u00edntegra do Decreto 3.585\/2021 a partir da pagina 78.<\/strong><\/a><\/p>\n<p>&nbsp;<\/p>\n<p>Cassil\u00e2ndia Noticias<\/p>\n","protected":false},"excerpt":{"rendered":"<p>A Prefeitura de Cassil\u00e2ndia publicou na edi\u00e7\u00e3o desta ter\u00e7a-feira do Di\u00e1rio Oficial do Munic\u00edpio (edi\u00e7\u00e3o 1675) o Decreto 3.585\/2021, \u201cdispondo em car\u00e1ter excepcional, sobre a cogest\u00e3o municipal do distanciamento e isolamento social controlado do Estado de Mato Grosso do Sul, institu\u00eddo pelo Decreto Estadual n\u00ba 15.644\/2021 e estabelece medidas sanit\u00e1rias segmentadas a serem adotados no [&hellip;]<\/p>\n","protected":false},"author":5,"featured_media":100427,"comment_status":"closed","ping_status":"closed","sticky":false,"template":"","format":"standard","meta":{"footnotes":""},"categories":[21,41],"tags":[],"class_list":["post-172807","post","type-post","status-publish","format-standard","has-post-thumbnail","hentry","category-cassilandia","category-destaque"],"_links":{"self":[{"href":"https:\/\/www.ocorreionews.com.br\/acervo-correio\/index.php?rest_route=\/wp\/v2\/posts\/172807","targetHints":{"allow":["GET"]}}],"collection":[{"href":"https:\/\/www.ocorreionews.com.br\/acervo-correio\/index.php?rest_route=\/wp\/v2\/posts"}],"about":[{"href":"https:\/\/www.ocorreionews.com.br\/acervo-correio\/index.php?rest_route=\/wp\/v2\/types\/post"}],"author":[{"embeddable":true,"href":"https:\/\/www.ocorreionews.com.br\/acervo-correio\/index.php?rest_route=\/wp\/v2\/users\/5"}],"replies":[{"embeddable":true,"href":"https:\/\/www.ocorreionews.com.br\/acervo-correio\/index.php?rest_route=%2Fwp%2Fv2%2Fcomments&post=172807"}],"version-history":[{"count":1,"href":"https:\/\/www.ocorreionews.com.br\/acervo-correio\/index.php?rest_route=\/wp\/v2\/posts\/172807\/revisions"}],"predecessor-version":[{"id":172808,"href":"https:\/\/www.ocorreionews.com.br\/acervo-correio\/index.php?rest_route=\/wp\/v2\/posts\/172807\/revisions\/172808"}],"wp:featuredmedia":[{"embeddable":true,"href":"https:\/\/www.ocorreionews.com.br\/acervo-correio\/index.php?rest_route=\/wp\/v2\/media\/100427"}],"wp:attachment":[{"href":"https:\/\/www.ocorreionews.com.br\/acervo-correio\/index.php?rest_route=%2Fwp%2Fv2%2Fmedia&parent=172807"}],"wp:term":[{"taxonomy":"category","embeddable":true,"href":"https:\/\/www.ocorreionews.com.br\/acervo-correio\/index.php?rest_route=%2Fwp%2Fv2%2Fcategories&post=172807"},{"taxonomy":"post_tag","embeddable":true,"href":"https:\/\/www.ocorreionews.com.br\/acervo-correio\/index.php?rest_route=%2Fwp%2Fv2%2Ftags&post=172807"}],"curies":[{"name":"wp","href":"https:\/\/api.w.org\/{rel}","templated":true}]}}