{"id":172810,"date":"2021-04-20T14:09:23","date_gmt":"2021-04-20T18:09:23","guid":{"rendered":"https:\/\/www.ocorreionews.com.br\/acervo-correio\/?p=172810"},"modified":"2021-04-28T09:44:13","modified_gmt":"2021-04-28T13:44:13","slug":"100-dias-de-governo-de-costa-rica-saude-investe-em-profissionais-e-aquisicao-de-equipamentos-e-insumos-para-combate-a-pandemia","status":"publish","type":"post","link":"https:\/\/www.ocorreionews.com.br\/acervo-correio\/?p=172810","title":{"rendered":"100 dias de Governo de Costa Rica: Sa\u00fade investe em profissionais e aquisi\u00e7\u00e3o de equipamentos e insumos para combate a pandemia"},"content":{"rendered":"<div class=\"marginBottom30px link-Internas\">\n<p>A gest\u00e3o municipal chegou aos 100 primeiros dias em 10 de abril. Com foco no atendimento humanizado, eficaz e eficiente, neste per\u00edodo a Secretaria Municipal de Sa\u00fade realizou in\u00fameras iniciativas e servi\u00e7os elaborados para minimizar os impactos do COVID-19.<\/p>\n<p><a href=\"https:\/\/www.ocorreionews.com.br\/acervo-correio\/wp-content\/uploads\/2021\/04\/banner-740x140-2.gif\"><img loading=\"lazy\" decoding=\"async\" class=\"alignnone size-full wp-image-173493\" src=\"https:\/\/www.ocorreionews.com.br\/acervo-correio\/wp-content\/uploads\/2021\/04\/banner-740x140-2.gif\" alt=\"\" width=\"740\" height=\"140\" \/><\/a><\/p>\n<p>Segundo o gestor da pasta, Jesus Baird, visando refor\u00e7ar o quadro de profissionais na \u00e1rea, a Secretaria de Sa\u00fade abriu\u00a0<a href=\"https:\/\/www.costarica.ms.gov.br\/up\/DiarioOficial\/2021_04_15\/DiarioOficial-1618519867_51191.pdf\">Processo Seletivo Simplificado<\/a>\u00a0de t\u00edtulos para contrata\u00e7\u00e3o tempor\u00e1ria e excepcional de quatro enfermeiros e quatro t\u00e9cnicos em enfermagem. Outro destaque importante para a Sa\u00fade municipal \u00e9 a sensa\u00e7\u00e3o da\u00a0<a href=\"https:\/\/www.costarica.ms.gov.br\/up\/DiarioOficial\/2021_04_15\/DiarioOficial-1618519867_51191.pdf\">Lei n\u00ba 1.591<\/a>, com a devida aprova\u00e7\u00e3o da C\u00e2mara de Vereadores, que concede abono salarial pecuni\u00e1rio de R$ 300 aos servidores municipais da Secretaria Municipal de Sa\u00fade, pelos servi\u00e7os prestados no enfrentamento ao novo coronav\u00edrus.<\/p>\n<p>Conforme o secret\u00e1rio, a Sa\u00fade municipal est\u00e1 focada no combate \u00e0 doen\u00e7a reestruturando as unidades de sa\u00fade, disponibilizando medicamentos nas unidades estrat\u00e9gicas, sem deixar de lado as outras especialidades de atendimento \u00e0 aten\u00e7\u00e3o b\u00e1sica da sa\u00fade. Para o secret\u00e1rio o principal gargalo superado nestes 100 dias foi organizar o contingente de servidores necess\u00e1rios para atuar na linha de frente ao combate a Covid-19.<\/p>\n<p><img decoding=\"async\" class=\"fancybox-image\" src=\"https:\/\/costarica.ms.gov.br\/up\/images\/5c\/5f\/5c5fd96a9dfbae090048c676755e94c5.jpg\" alt=\"\" \/><\/p>\n<p>\u201cA gest\u00e3o municipal n\u00e3o tem medido esfor\u00e7os administrativos e financeiros para atender a demanda, principalmente diante das adversidades causadas pela pandemia. Gra\u00e7as \u00e0 parceria com o Governo federal foi poss\u00edvel tamb\u00e9m a aquisi\u00e7\u00e3o de cinco respiradores, insumos e medicamentos para refor\u00e7ar o atendimento de pacientes com Covid-19\u201d destacou Baird.<\/p>\n<p>Sobre a campanha de vacina\u00e7\u00e3o contra Covid, o secret\u00e1rio informou ainda que 4.243 doses de vacina j\u00e1 foram aplicadas, sendo 2.627 pessoas imunizadas com a primeira dose e 1.486 com a segunda.<\/p>\n<p><img decoding=\"async\" class=\"fancybox-image\" src=\"https:\/\/costarica.ms.gov.br\/up\/images\/dc\/1e\/dc1edafd36fb021fca04b7c2079f47a1.jpg\" alt=\"\" \/><\/p>\n<p>Baird destaca tamb\u00e9m a regulariza\u00e7\u00e3o de profissionais farmac\u00eauticos nas Unidades de Sa\u00fade e a reorganiza\u00e7\u00e3o da distribui\u00e7\u00e3o de medicamentos para melhor atender a popula\u00e7\u00e3o, colocando o munic\u00edpio em conformidade com a Lei 13.021\/2014. \u201cOs medicamentos estavam armazenados em desacordo com a RDC304\/2019. Foi necess\u00e1rio organizar almoxarifados, documenta\u00e7\u00f5es, fazer a devida separa\u00e7\u00e3o dos medicamentos para colocar a \u2018casa em ordem\u2019 e oferecer o atendimento que a nossa popula\u00e7\u00e3o merece\u201d pontuou o gestor.<\/p>\n<p><img decoding=\"async\" class=\"fancybox-image\" src=\"https:\/\/costarica.ms.gov.br\/up\/images\/7f\/ee\/7feeba863798ca0482c29e38952b1d7d.jpg\" alt=\"\" \/><\/p>\n<p><img decoding=\"async\" class=\"fancybox-image\" src=\"https:\/\/costarica.ms.gov.br\/up\/images\/89\/73\/89738b1d217cd5f513df8e3bcf7fe148.jpg\" alt=\"\" \/><\/p>\n<p>Para o prefeito Cleverson Alves dos Santos, as a\u00e7\u00f5es est\u00e3o em sintonia com o plano de governo. \u201cEmbora haja uma autonomia ao secretariado, todos est\u00e3o seguindo as recomenda\u00e7\u00f5es e cumprindo as a\u00e7\u00f5es do nosso plano de governo, principalmente em cuidar com carinho do atendimento a nossa popula\u00e7\u00e3o\u201d destacou prefeito.<\/p>\n<p>Confira algumas das a\u00e7\u00f5es desenvolvidas pela Secretaria de Sa\u00fade:<\/p>\n<p>&#8211; Cria\u00e7\u00e3o da Unidade Sentinela para atender pacientes com suspeita de Covid-19<\/p>\n<p>&#8211; Contrata\u00e7\u00e3o de uma m\u00e9dica infectologista<\/p>\n<p>&#8211; Capacita\u00e7\u00e3o de todos os profissionais sobre o manuseio e tratamento do Covid-19 com a m\u00e9dica infectologista<\/p>\n<p>&#8211; Aquisi\u00e7\u00e3o de duas ambul\u00e2ncias semi UTI (Unidade de Terapia Intensiva) com recursos do FIS (Fundo de Investimento Social).<\/p>\n<p>&#8211; Aquisi\u00e7\u00e3o de 5 respiradores<\/p>\n<p>&#8211; Aquisi\u00e7\u00e3o de 100 unidade de Respiron para pacientes em situa\u00e7\u00e3o de vulnerabilidade acometidos com de Covid-19<\/p>\n<p>&#8211; Aquisi\u00e7\u00e3o de 2.000 testes de ant\u00edgeno (teste r\u00e1pido para Covid-19 com resultado em 15 minutos)<\/p>\n<p>&#8211; Aquisi\u00e7\u00e3o de 400 testes de anticorpos<\/p>\n<p>&#8211; Inser\u00e7\u00e3o de farmac\u00eauticos em todas as Unidades de Sa\u00fade<\/p>\n<p>&#8211; Cria\u00e7\u00e3o do Projeto \u201cSa\u00fade Mais, Insulina Menos\u201d<\/p>\n<p>&#8211; Aquisi\u00e7\u00e3o de 6 geladeiras, uma para cada Unidade de Sa\u00fade espec\u00edfica para armazenamento de medica\u00e7\u00e3o<\/p>\n<p>&#8211; Disposi\u00e7\u00e3o de suplementa\u00e7\u00e3o de zinco e vitamina D para os casos suspeitos e positivados de Covid-19<\/p>\n<p>&#8211; Ampliada a disponibilidade de recursos para medicamentos de a\u00e7\u00e3o judicial<\/p>\n<p>&#8211; Psicoterapeuta coletiva com agentes comunit\u00e1rios de sa\u00fade<\/p>\n<p>&#8211; Aquisi\u00e7\u00e3o de 50 cilindros de O\u00b2 de 50 L<\/p>\n<p>&#8211; Aquisi\u00e7\u00e3o de medicamentos que n\u00e3o s\u00e3o pactuados pela farm\u00e1cia b\u00e1sica para os casos de Covid-19<\/p>\n<p>&#8211;\u00a0 Aquisi\u00e7\u00e3o de 2 desfibriladores que ser\u00e3o doados para a Funda\u00e7\u00e3o Hospitalar<\/p>\n<p>&#8211; Aprova\u00e7\u00e3o de um novo Remune (Rela\u00e7\u00e3o Municipal de Medicamentos)<\/p>\n<p><strong>CAPS<\/strong><\/p>\n<p>19 ACOLHIMENTOS<\/p>\n<p>192 TRIAGEM DE ENFERMAGEM\/ AFERI\u00c7\u00d5ES PA<\/p>\n<p>186 CONSULTAS MEDICAS<\/p>\n<p>2 INTERN.ALCOOL E DROGAS PARANAIBA-MS<\/p>\n<p>16 INTERN. COMUNIDADE TERAPEUTICA EM C.R.<\/p>\n<p>20 INTERNA\u00c7\u00d5ES NA .FHCR\u00a0 AD\/TM<\/p>\n<p>100 ATENDIMENTO PSICOLOGA INDIVIDUAL<\/p>\n<p><strong>CONSULTAS DO\u00a0CEM<\/strong><\/p>\n<p>322 PEDIATRIA<\/p>\n<p>345 CARDIOLOGIA<\/p>\n<p>216 NEUROLOGIA<\/p>\n<p>238 ORTOPEDIA<\/p>\n<p>351 GINECOLOGIA E OBSTETR\u00cdCIA<\/p>\n<p>139 PSIQUIATRIA<\/p>\n<p>107 VASCULAR<\/p>\n<p>161 CIRURGI\u00c3O<\/p>\n<p>46 ANESTESISTA<\/p>\n<p>79 GASTROLOGISTA<\/p>\n<p>159 OTORRINOLARINGOLOGIA<\/p>\n<p>199 ENDOCRINOLOGISTA<\/p>\n<p>184 REUMATOLOGISTA<\/p>\n<p>216 UROLOGISTA<\/p>\n<p>134 PR\u00c9 NATAL<\/p>\n<p>134 PSICOLOGIA<\/p>\n<p>30 FONOAUDIOLOGIA<\/p>\n<p>66 FONOAUDIOLOGIA (TRIAGEM AUDITIVA)<\/p>\n<p><strong>EXAMES<\/strong><\/p>\n<p>4.539 EXAMES LABORATORIAIS MAC<\/p>\n<p>16 MAPA<\/p>\n<p>466 ULTRASSOM \u2013 CEM<\/p>\n<p>258 ELETROCARDIOGRAMA<\/p>\n<p><strong>EXAMES LIBERADOS SES<\/strong><\/p>\n<p>14 AUDIOMETRIA<\/p>\n<p>3 BIOPSIA<\/p>\n<p>2 COLONOSCOPIA<\/p>\n<p>1 DOPPLER<\/p>\n<p>6 ECOCARDIOGRAMA<\/p>\n<p>7 ELETROENCEFALOGRAMA<\/p>\n<p>1 ENDOSCOPIA<\/p>\n<p>1 TOMOGRAFIA &#8211; CG<\/p>\n<p>13 ULTRASSON<\/p>\n<p>EXAMES LIBERADOS SMS<\/p>\n<p>5 ANGIOFLUORECIONAGRAFIA<\/p>\n<p>1 CAMPIMETRIA<\/p>\n<p>6 CAMPO VISUAL<\/p>\n<p>3 CINTILOGRAFIA<\/p>\n<p>10 COLONOSCOPIA<\/p>\n<p>1 CURVA DI\u00c1RIA OFTALMOLOGICA<\/p>\n<p>32 DOPPLER<\/p>\n<p>81 ECOCARDIOGRAMA<\/p>\n<p>65 ENDOSCOPIA<\/p>\n<p>1 ENEMA OPACO<\/p>\n<p>1 ESCANOMETRIA \u00d3SSEA<\/p>\n<p>7 ESTUDO URODIN\u00c2MICO<\/p>\n<p>15 HOTTER 24H<\/p>\n<p>104 MAMOGRAFIA FHCR<\/p>\n<p>285 OFTALMO<\/p>\n<p>45 RESSON\u00c2NCIA<\/p>\n<p>7 RETOSSIGM\u00d3IDE<\/p>\n<p>40 TESTE ERGOM\u00c9TRICO<\/p>\n<p>263 TOMOGRAFIA FHCR<\/p>\n<p>1 TOPOGRAFIA<\/p>\n<p>2 ULTRASSON<\/p>\n<p>6 VIDEOLARINGOSCOPIA<\/p>\n<p>6 VIDEONASOFIBROSCOPIA<\/p>\n<p>1 CONSULTA ALERGISTA<\/p>\n<p>1 CONS. NEUROLOGISTA PED.<\/p>\n<p>4 PAM<\/p>\n<p>57 CONS. DERMATOLOGISTA<\/p>\n<p>1 CONS. ORT PEDIATRICO<\/p>\n<p><strong>TRANPORTE<\/strong><\/p>\n<p>2135 ATENDIMENTO \u00c0 PACIENTES (QUANTITATIVO DE PESSOAS)<\/p>\n<p>222 VIAGENS<\/p>\n<p>430 AMBULANCIAS\/CARROS (QUANTITATIVO DE VE\u00cdCULOS)<\/p>\n<p><strong>374 CONSULTAS C. GRANDE sesau<\/strong><\/p>\n<p><strong>ASSIT\u00caNCIA FARMACEUTICA<\/strong><\/p>\n<p>727.087 \u00a0MEDICAMENTO PACTUADO<\/p>\n<p>76.581 MEDICAM. N\u00c3O PACTUADO<\/p>\n<p>22.230 MED. COMP. ESPECIALIZADO<\/p>\n<p>4.869\u00a0 MED. A\u00c7\u00c3O JUDICIAL<\/p>\n<p>258.480 MEDICAMENTO CONTROLADO<\/p>\n<\/div>\n<p><img decoding=\"async\" class=\"fancybox-image\" src=\"https:\/\/costarica.ms.gov.br\/up\/images\/be\/63\/be6315e3ffa2426568d5b8fc3599ed34.jpg\" alt=\"\" \/><\/p>\n<p>&nbsp;<\/p>\n<p><img decoding=\"async\" class=\"fancybox-image\" src=\"https:\/\/costarica.ms.gov.br\/up\/images\/dc\/1e\/dc1edafd36fb021fca04b7c2079f47a1.jpg\" alt=\"\" \/><img decoding=\"async\" class=\"fancybox-image\" src=\"https:\/\/costarica.ms.gov.br\/up\/images\/69\/c6\/69c64f503a06f31fc881a386b91df52a.jpg\" alt=\"\" \/><\/p>\n<div class=\"marginBottom30px link-Internas\">Assessoria de Comunica\u00e7\u00e3o<\/div>\n","protected":false},"excerpt":{"rendered":"<p>A gest\u00e3o municipal chegou aos 100 primeiros dias em 10 de abril. Com foco no atendimento humanizado, eficaz e eficiente, neste per\u00edodo a Secretaria Municipal de Sa\u00fade realizou in\u00fameras iniciativas e servi\u00e7os elaborados para minimizar os impactos do COVID-19. Segundo o gestor da pasta, Jesus Baird, visando refor\u00e7ar o quadro de profissionais na \u00e1rea, a [&hellip;]<\/p>\n","protected":false},"author":5,"featured_media":172811,"comment_status":"closed","ping_status":"closed","sticky":false,"template":"","format":"standard","meta":{"footnotes":""},"categories":[25],"tags":[],"class_list":["post-172810","post","type-post","status-publish","format-standard","has-post-thumbnail","hentry","category-costa-rica"],"_links":{"self":[{"href":"https:\/\/www.ocorreionews.com.br\/acervo-correio\/index.php?rest_route=\/wp\/v2\/posts\/172810","targetHints":{"allow":["GET"]}}],"collection":[{"href":"https:\/\/www.ocorreionews.com.br\/acervo-correio\/index.php?rest_route=\/wp\/v2\/posts"}],"about":[{"href":"https:\/\/www.ocorreionews.com.br\/acervo-correio\/index.php?rest_route=\/wp\/v2\/types\/post"}],"author":[{"embeddable":true,"href":"https:\/\/www.ocorreionews.com.br\/acervo-correio\/index.php?rest_route=\/wp\/v2\/users\/5"}],"replies":[{"embeddable":true,"href":"https:\/\/www.ocorreionews.com.br\/acervo-correio\/index.php?rest_route=%2Fwp%2Fv2%2Fcomments&post=172810"}],"version-history":[{"count":1,"href":"https:\/\/www.ocorreionews.com.br\/acervo-correio\/index.php?rest_route=\/wp\/v2\/posts\/172810\/revisions"}],"predecessor-version":[{"id":173502,"href":"https:\/\/www.ocorreionews.com.br\/acervo-correio\/index.php?rest_route=\/wp\/v2\/posts\/172810\/revisions\/173502"}],"wp:featuredmedia":[{"embeddable":true,"href":"https:\/\/www.ocorreionews.com.br\/acervo-correio\/index.php?rest_route=\/wp\/v2\/media\/172811"}],"wp:attachment":[{"href":"https:\/\/www.ocorreionews.com.br\/acervo-correio\/index.php?rest_route=%2Fwp%2Fv2%2Fmedia&parent=172810"}],"wp:term":[{"taxonomy":"category","embeddable":true,"href":"https:\/\/www.ocorreionews.com.br\/acervo-correio\/index.php?rest_route=%2Fwp%2Fv2%2Fcategories&post=172810"},{"taxonomy":"post_tag","embeddable":true,"href":"https:\/\/www.ocorreionews.com.br\/acervo-correio\/index.php?rest_route=%2Fwp%2Fv2%2Ftags&post=172810"}],"curies":[{"name":"wp","href":"https:\/\/api.w.org\/{rel}","templated":true}]}}