{"id":1733,"date":"2015-05-16T07:45:33","date_gmt":"2015-05-16T11:45:33","guid":{"rendered":"https:\/\/ocorreionews.com.br\/?p=1733"},"modified":"2018-08-20T22:34:40","modified_gmt":"2018-08-21T02:34:40","slug":"presidente-do-legislativo-marquinhos-navarini-elogia-atuacao-do-deputado-heuler-cruvinel","status":"publish","type":"post","link":"https:\/\/www.ocorreionews.com.br\/acervo-correio\/?p=1733","title":{"rendered":"Presidente do Legislativo Marquinhos Navarini elogia atua\u00e7\u00e3o do Deputado Heuler Cruvinel."},"content":{"rendered":"<p style=\"text-align: justify;\">Durante a entrega de tr\u00eas caminh\u00f5es adquiridos atrav\u00e9s de uma emenda parlamentar do Deputado Federal Heuler Cruvinel (PSD), o Presidente da C\u00e2mara Marquinhos Navarini(PSDB), elogiou o empenho do Deputado na destina\u00e7\u00e3o de recursos ao munic\u00edpio.<\/p>\n<p style=\"text-align: justify;\">Destacou que novos recursos vir\u00e3o em breve, se referindo ao valor de 350 mil reais, destinados a Chapad\u00e3o do C\u00e9u, oriundos de uma emenda parlamentar do Deputado Heuler, para a aquisi\u00e7\u00e3o de equipamentos que ir\u00e3o atender as necessidades da Secretaria de Sa\u00fade.<\/p>\n<p style=\"text-align: justify;\">\u201cEstes recursos mostra o reconhecimento do Deputado Heuler pelo meu apoio juntamente com os vereadores, Uelton, Paulinho e Waltinho, apoiamos sua candidatura devido ao compromisso do Deputado com o nosso munic\u00edpio, em breve iremos receber mais 350 mil reais para a sa\u00fade e ainda temos o compromisso no repasse de 500 mil reais durante cada ano de seu mandato, totalizando dois milh\u00f5es de reais em recursos\u201d frisou.<\/p>\n<p style=\"text-align: justify;\">Encerrou seu pronunciamento agradecendo a presen\u00e7a do Deputado Estadual Lissauer Vieira (PSD), que acompanhou a entrega dos caminh\u00f5es. O Deputado Estadual \u00e9 mais um aliado dos vereadores na busca de recursos junto ao Governo Estadual.<\/p>\n<p style=\"text-align: justify;\">\n<p style=\"text-align: justify;\">Assecom C\u00e2mara Municipal<\/p>\n","protected":false},"excerpt":{"rendered":"<p>Durante a entrega de tr\u00eas caminh\u00f5es adquiridos atrav\u00e9s de uma emenda parlamentar do Deputado Federal Heuler Cruvinel (PSD), o Presidente da C\u00e2mara Marquinhos Navarini(PSDB), elogiou o empenho do Deputado na destina\u00e7\u00e3o de recursos ao munic\u00edpio. Destacou que novos recursos vir\u00e3o em breve, se referindo ao valor de 350 mil reais, destinados a Chapad\u00e3o do C\u00e9u, [&hellip;]<\/p>\n","protected":false},"author":4,"featured_media":1734,"comment_status":"closed","ping_status":"closed","sticky":false,"template":"","format":"standard","meta":{"footnotes":""},"categories":[22],"tags":[],"class_list":["post-1733","post","type-post","status-publish","format-standard","has-post-thumbnail","hentry","category-chapadao-do-ceu"],"_links":{"self":[{"href":"https:\/\/www.ocorreionews.com.br\/acervo-correio\/index.php?rest_route=\/wp\/v2\/posts\/1733","targetHints":{"allow":["GET"]}}],"collection":[{"href":"https:\/\/www.ocorreionews.com.br\/acervo-correio\/index.php?rest_route=\/wp\/v2\/posts"}],"about":[{"href":"https:\/\/www.ocorreionews.com.br\/acervo-correio\/index.php?rest_route=\/wp\/v2\/types\/post"}],"author":[{"embeddable":true,"href":"https:\/\/www.ocorreionews.com.br\/acervo-correio\/index.php?rest_route=\/wp\/v2\/users\/4"}],"replies":[{"embeddable":true,"href":"https:\/\/www.ocorreionews.com.br\/acervo-correio\/index.php?rest_route=%2Fwp%2Fv2%2Fcomments&post=1733"}],"version-history":[{"count":0,"href":"https:\/\/www.ocorreionews.com.br\/acervo-correio\/index.php?rest_route=\/wp\/v2\/posts\/1733\/revisions"}],"wp:featuredmedia":[{"embeddable":true,"href":"https:\/\/www.ocorreionews.com.br\/acervo-correio\/index.php?rest_route=\/wp\/v2\/media\/1734"}],"wp:attachment":[{"href":"https:\/\/www.ocorreionews.com.br\/acervo-correio\/index.php?rest_route=%2Fwp%2Fv2%2Fmedia&parent=1733"}],"wp:term":[{"taxonomy":"category","embeddable":true,"href":"https:\/\/www.ocorreionews.com.br\/acervo-correio\/index.php?rest_route=%2Fwp%2Fv2%2Fcategories&post=1733"},{"taxonomy":"post_tag","embeddable":true,"href":"https:\/\/www.ocorreionews.com.br\/acervo-correio\/index.php?rest_route=%2Fwp%2Fv2%2Ftags&post=1733"}],"curies":[{"name":"wp","href":"https:\/\/api.w.org\/{rel}","templated":true}]}}