{"id":177208,"date":"2021-06-08T15:55:10","date_gmt":"2021-06-08T19:55:10","guid":{"rendered":"https:\/\/www.ocorreionews.com.br\/acervo-correio\/?p=177208"},"modified":"2021-06-08T16:03:21","modified_gmt":"2021-06-08T20:03:21","slug":"por-suposta-divida-em-drogas-cassilandense-tem-casa-incendiada","status":"publish","type":"post","link":"https:\/\/www.ocorreionews.com.br\/acervo-correio\/?p=177208","title":{"rendered":"Por suposta divida em drogas cassilandense tem casa incendiada"},"content":{"rendered":"<p>Por volta das 13h desta ter\u00e7a-feira (08\/06), a Pol\u00edcia Militar foi acionada via 190, para atender uma ocorr\u00eancia de inc\u00eandio\u00a0em uma resid\u00eancia,\u00a0 no bairro\u00a0Imperatriz.<\/p>\n<div id=\"beacon_56bf6e0046\"><img loading=\"lazy\" decoding=\"async\" src=\"https:\/\/ads2.cassilandianoticias.com.br\/www\/delivery\/lg.php?bannerid=0&amp;campaignid=0&amp;zoneid=12&amp;loc=https%3A%2F%2Fwww.cassilandianoticias.com.br%2Fgeral%2Ffotogaleria-policia-militar-emite-nota-sobre-o-incendio-ocorrido-nesta-tarde-em-cassilandia%3Ffbclid%3DIwAR35zDLlqX1SU8QDBabgtpCMtbhNsoaDeEhEdKPxLBJKh0H7L9OifXRlaMI&amp;referer=https%3A%2F%2Fl.facebook.com%2F&amp;cb=56bf6e0046\" alt=\"\" width=\"0\" height=\"0\" \/><\/div>\n<p>Os policiais estiveram no local e diante da grande quantidade de fogo, fuma\u00e7a e da amea\u00e7a do inc\u00eandio se alastrava rapidamente para as casas vizinhas, solicitaram ajuda do caminh\u00e3o pipa do munic\u00edpio, devido a cidade de Cassil\u00e2ndia ainda n\u00e3o possuir uma unidade do Corpo de Bombeiros Militar.<\/p>\n<p>O inc\u00eandio que ocorreu na rua Abadia Oliveira, j\u00e1 \u00e9 o segundo ocorrido nesta semana e pode ter sua origem de forma criminosa, motivada por d\u00edvida de drogas. A suspeita de 26 anos, foi indicada por populares, fugiu do local. A jovem, que \u00e9 conhecida no meio policial, tem v\u00e1rias passagens criminosas por tr\u00e1fico de drogas, furtos e at\u00e9 homic\u00eddio.<\/p>\n<p>Com jatos d&#8217;\u00e1gua, os militares e a equipe do caminh\u00e3o pipa conseguiram controlar o fogo. Os moradores da regi\u00e3o ficaram bastante assustados com a propor\u00e7\u00e3o do inc\u00eandio. A Ocorr\u00eancia foi registrada e encaminhada para a\u00a0delegacia de Policia Civil para investiga\u00e7\u00f5es.<\/p>\n<p>A ocorr\u00eancia foi entregue \u00e0 Pol\u00edcia Judici\u00e1ria Civil.<\/p>\n<p><a href=\"https:\/\/www.ocorreionews.com.br\/acervo-correio\/wp-content\/uploads\/2021\/06\/incendio-casa-3.jpg\"><img loading=\"lazy\" decoding=\"async\" class=\"alignnone size-full wp-image-177210\" src=\"https:\/\/www.ocorreionews.com.br\/acervo-correio\/wp-content\/uploads\/2021\/06\/incendio-casa-3.jpg\" alt=\"\" width=\"765\" height=\"938\" srcset=\"https:\/\/www.ocorreionews.com.br\/acervo-correio\/wp-content\/uploads\/2021\/06\/incendio-casa-3.jpg 765w, https:\/\/www.ocorreionews.com.br\/acervo-correio\/wp-content\/uploads\/2021\/06\/incendio-casa-3-245x300.jpg 245w\" sizes=\"auto, (max-width: 765px) 100vw, 765px\" \/><\/a><\/p>\n<p><a href=\"https:\/\/www.ocorreionews.com.br\/acervo-correio\/wp-content\/uploads\/2021\/06\/incendio-casa-2.jpg\"><img loading=\"lazy\" decoding=\"async\" class=\"alignnone size-full wp-image-177209\" src=\"https:\/\/www.ocorreionews.com.br\/acervo-correio\/wp-content\/uploads\/2021\/06\/incendio-casa-2.jpg\" alt=\"\" width=\"760\" height=\"930\" srcset=\"https:\/\/www.ocorreionews.com.br\/acervo-correio\/wp-content\/uploads\/2021\/06\/incendio-casa-2.jpg 760w, https:\/\/www.ocorreionews.com.br\/acervo-correio\/wp-content\/uploads\/2021\/06\/incendio-casa-2-245x300.jpg 245w\" sizes=\"auto, (max-width: 760px) 100vw, 760px\" \/><\/a> <a href=\"https:\/\/www.ocorreionews.com.br\/acervo-correio\/wp-content\/uploads\/2021\/06\/incendio-casa.jpg\"><img loading=\"lazy\" decoding=\"async\" class=\"alignnone size-full wp-image-177211\" src=\"https:\/\/www.ocorreionews.com.br\/acervo-correio\/wp-content\/uploads\/2021\/06\/incendio-casa.jpg\" alt=\"\" width=\"767\" height=\"555\" srcset=\"https:\/\/www.ocorreionews.com.br\/acervo-correio\/wp-content\/uploads\/2021\/06\/incendio-casa.jpg 767w, https:\/\/www.ocorreionews.com.br\/acervo-correio\/wp-content\/uploads\/2021\/06\/incendio-casa-300x217.jpg 300w\" sizes=\"auto, (max-width: 767px) 100vw, 767px\" \/><\/a><\/p>\n<p class=\"subtitle mb-2\">Mat\u00e9ria e Fotos: Assessoria de Comunica\u00e7\u00e3o da 2\u00aa Cia PM\/13\u00ba BPM<\/p>\n","protected":false},"excerpt":{"rendered":"<p>Por volta das 13h desta ter\u00e7a-feira (08\/06), a Pol\u00edcia Militar foi acionada via 190, para atender uma ocorr\u00eancia de inc\u00eandio\u00a0em uma resid\u00eancia,\u00a0 no bairro\u00a0Imperatriz. Os policiais estiveram no local e diante da grande quantidade de fogo, fuma\u00e7a e da amea\u00e7a do inc\u00eandio se alastrava rapidamente para as casas vizinhas, solicitaram ajuda do caminh\u00e3o pipa do [&hellip;]<\/p>\n","protected":false},"author":5,"featured_media":177211,"comment_status":"closed","ping_status":"closed","sticky":false,"template":"","format":"standard","meta":{"footnotes":""},"categories":[21,38],"tags":[],"class_list":["post-177208","post","type-post","status-publish","format-standard","has-post-thumbnail","hentry","category-cassilandia","category-policia"],"_links":{"self":[{"href":"https:\/\/www.ocorreionews.com.br\/acervo-correio\/index.php?rest_route=\/wp\/v2\/posts\/177208","targetHints":{"allow":["GET"]}}],"collection":[{"href":"https:\/\/www.ocorreionews.com.br\/acervo-correio\/index.php?rest_route=\/wp\/v2\/posts"}],"about":[{"href":"https:\/\/www.ocorreionews.com.br\/acervo-correio\/index.php?rest_route=\/wp\/v2\/types\/post"}],"author":[{"embeddable":true,"href":"https:\/\/www.ocorreionews.com.br\/acervo-correio\/index.php?rest_route=\/wp\/v2\/users\/5"}],"replies":[{"embeddable":true,"href":"https:\/\/www.ocorreionews.com.br\/acervo-correio\/index.php?rest_route=%2Fwp%2Fv2%2Fcomments&post=177208"}],"version-history":[{"count":1,"href":"https:\/\/www.ocorreionews.com.br\/acervo-correio\/index.php?rest_route=\/wp\/v2\/posts\/177208\/revisions"}],"predecessor-version":[{"id":177215,"href":"https:\/\/www.ocorreionews.com.br\/acervo-correio\/index.php?rest_route=\/wp\/v2\/posts\/177208\/revisions\/177215"}],"wp:featuredmedia":[{"embeddable":true,"href":"https:\/\/www.ocorreionews.com.br\/acervo-correio\/index.php?rest_route=\/wp\/v2\/media\/177211"}],"wp:attachment":[{"href":"https:\/\/www.ocorreionews.com.br\/acervo-correio\/index.php?rest_route=%2Fwp%2Fv2%2Fmedia&parent=177208"}],"wp:term":[{"taxonomy":"category","embeddable":true,"href":"https:\/\/www.ocorreionews.com.br\/acervo-correio\/index.php?rest_route=%2Fwp%2Fv2%2Fcategories&post=177208"},{"taxonomy":"post_tag","embeddable":true,"href":"https:\/\/www.ocorreionews.com.br\/acervo-correio\/index.php?rest_route=%2Fwp%2Fv2%2Ftags&post=177208"}],"curies":[{"name":"wp","href":"https:\/\/api.w.org\/{rel}","templated":true}]}}