{"id":177216,"date":"2021-06-08T16:31:20","date_gmt":"2021-06-08T20:31:20","guid":{"rendered":"https:\/\/www.ocorreionews.com.br\/acervo-correio\/?p=177216"},"modified":"2021-06-08T16:38:27","modified_gmt":"2021-06-08T20:38:27","slug":"jovem-de-25-anos-e-uma-das-duas-pessoas-de-chapadao-do-sul-que-aguardando-vaga-em-leito-de-uti","status":"publish","type":"post","link":"https:\/\/www.ocorreionews.com.br\/acervo-correio\/?p=177216","title":{"rendered":"Jovem de 25 anos \u00e9 uma das duas pessoas de Chapad\u00e3o do Sul que aguardando vaga em leito de UTI"},"content":{"rendered":"<p>&nbsp;<\/p>\n<p>Como nos estamos noticiando nos \u00faltimos dias, os hospitais de Mato Grosso do Sul est\u00e3o com capacidade acima dos 100% nos leitos de UTI para o tratamento da Covid-19, e com pacientes sendo transferidos para outros estados. Segundo divulgado na manh\u00e3 desta ter\u00e7a-feira (08), MS tem 230 pessoas aguardando uma vaga em leito de UTI.<\/p>\n<p>Desses Chapad\u00f5es do Sul tem dois moradores que est\u00e3o na fila de regulamenta\u00e7\u00e3o para vagas de UTI. As duas pessoas que est\u00e3o aguardando a vaga s\u00e3o duas mulheres sendo uma jovem de 25 anos e outra com 50 anos. Nas h\u00e1 mais informa\u00e7\u00f5es sobre estado de sa\u00fade delas.<\/p>\n<p><a href=\"https:\/\/www.ocorreionews.com.br\/acervo-correio\/wp-content\/uploads\/2021\/06\/regulamentacao.jpg\"><img loading=\"lazy\" decoding=\"async\" class=\"size-full wp-image-177218 aligncenter\" src=\"https:\/\/www.ocorreionews.com.br\/acervo-correio\/wp-content\/uploads\/2021\/06\/regulamentacao.jpg\" alt=\"\" width=\"552\" height=\"431\" srcset=\"https:\/\/www.ocorreionews.com.br\/acervo-correio\/wp-content\/uploads\/2021\/06\/regulamentacao.jpg 552w, https:\/\/www.ocorreionews.com.br\/acervo-correio\/wp-content\/uploads\/2021\/06\/regulamentacao-300x234.jpg 300w\" sizes=\"auto, (max-width: 552px) 100vw, 552px\" \/><\/a><\/p>\n<p>No boletim epidemiol\u00f3gico desta ter\u00e7a-feira, Chapad\u00e3o do Sul 3.755 casos confirmados da doen\u00e7a, desses 3.571 j\u00e1 est\u00e3o curados e 52 vieram a \u00f3bito. Outras 90 pessoas aguardam resultados de exames do Lacen\/MS \u2013 Laborat\u00f3rio Central Mato Grosso do Sul.<\/p>\n<p>Chapad\u00e3o do Sul tem 132\u00a0 pessoas encontram-se em tratamento da doen\u00e7a, sendo 113 em isolamento domiciliar e 19 encontram-se hospitalizados, sendo 12 em Leito de UTI e 07 em Leito Clinico.<\/p>\n<p>No Hospital Municipal de Chapad\u00e3o do Sul, temos 07 pacientes confirmados em Leito de UTI, 04 pacientes adultos confirmados em leito clinico 01 paciente adulto suspeito.<\/p>\n<p>Sul-chapadenses internados em outras cidades:<\/p>\n<p>Tr\u00eas Lagoas\/MS<\/p>\n<p>01 paciente confirmado no Hospital da CASSEMS em leito CL\u00cdNICO;<\/p>\n<p>Campo Grande\/MS<\/p>\n<p>01 paciente confirmado no Hospital da UNIMED em leito de UTI;<\/p>\n<p>01 paciente confirmado no PRONCOR de Campo Grande em leito de UTI;<\/p>\n<p>01 paciente confirmado no Hospital Alfredo Abra\u00e3o em leito de UTI<\/p>\n<p>Santa Casa de Rondon\u00f3polis\/MT<\/p>\n<p>01 paciente confirmado em leito CL\u00cdNICO.<\/p>\n<p>Caldas Novas\/GO.<\/p>\n<p>01 paciente confirmado em leito de UTI no Hospital Maternidade Nossa Senhora Aparecida<\/p>\n<p>Nesta ter\u00e7a-feira trouxe uma boa not\u00edcia, quatro pacientes que estavam internados receberam alta hospitalar .<\/p>\n<p><a href=\"https:\/\/www.ocorreionews.com.br\/acervo-correio\/wp-content\/uploads\/2021\/06\/01-5.jpg\"><img loading=\"lazy\" decoding=\"async\" class=\"wp-image-177219 aligncenter\" src=\"https:\/\/www.ocorreionews.com.br\/acervo-correio\/wp-content\/uploads\/2021\/06\/01-5.jpg\" alt=\"\" width=\"552\" height=\"580\" srcset=\"https:\/\/www.ocorreionews.com.br\/acervo-correio\/wp-content\/uploads\/2021\/06\/01-5.jpg 1000w, https:\/\/www.ocorreionews.com.br\/acervo-correio\/wp-content\/uploads\/2021\/06\/01-5-285x300.jpg 285w, https:\/\/www.ocorreionews.com.br\/acervo-correio\/wp-content\/uploads\/2021\/06\/01-5-973x1024.jpg 973w, https:\/\/www.ocorreionews.com.br\/acervo-correio\/wp-content\/uploads\/2021\/06\/01-5-768x808.jpg 768w\" sizes=\"auto, (max-width: 552px) 100vw, 552px\" \/><\/a> <a href=\"https:\/\/www.ocorreionews.com.br\/acervo-correio\/wp-content\/uploads\/2021\/06\/02-3.jpg\"><img loading=\"lazy\" decoding=\"async\" class=\"wp-image-177220 aligncenter\" src=\"https:\/\/www.ocorreionews.com.br\/acervo-correio\/wp-content\/uploads\/2021\/06\/02-3.jpg\" alt=\"\" width=\"550\" height=\"550\" srcset=\"https:\/\/www.ocorreionews.com.br\/acervo-correio\/wp-content\/uploads\/2021\/06\/02-3.jpg 1000w, https:\/\/www.ocorreionews.com.br\/acervo-correio\/wp-content\/uploads\/2021\/06\/02-3-300x300.jpg 300w, https:\/\/www.ocorreionews.com.br\/acervo-correio\/wp-content\/uploads\/2021\/06\/02-3-150x150.jpg 150w, https:\/\/www.ocorreionews.com.br\/acervo-correio\/wp-content\/uploads\/2021\/06\/02-3-768x768.jpg 768w\" sizes=\"auto, (max-width: 550px) 100vw, 550px\" \/><\/a><\/p>\n","protected":false},"excerpt":{"rendered":"<p>&nbsp; Como nos estamos noticiando nos \u00faltimos dias, os hospitais de Mato Grosso do Sul est\u00e3o com capacidade acima dos 100% nos leitos de UTI para o tratamento da Covid-19, e com pacientes sendo transferidos para outros estados. Segundo divulgado na manh\u00e3 desta ter\u00e7a-feira (08), MS tem 230 pessoas aguardando uma vaga em leito de [&hellip;]<\/p>\n","protected":false},"author":5,"featured_media":144075,"comment_status":"closed","ping_status":"closed","sticky":false,"template":"","format":"standard","meta":{"footnotes":""},"categories":[23,41],"tags":[],"class_list":["post-177216","post","type-post","status-publish","format-standard","has-post-thumbnail","hentry","category-chapadao-do-sul","category-destaque"],"_links":{"self":[{"href":"https:\/\/www.ocorreionews.com.br\/acervo-correio\/index.php?rest_route=\/wp\/v2\/posts\/177216","targetHints":{"allow":["GET"]}}],"collection":[{"href":"https:\/\/www.ocorreionews.com.br\/acervo-correio\/index.php?rest_route=\/wp\/v2\/posts"}],"about":[{"href":"https:\/\/www.ocorreionews.com.br\/acervo-correio\/index.php?rest_route=\/wp\/v2\/types\/post"}],"author":[{"embeddable":true,"href":"https:\/\/www.ocorreionews.com.br\/acervo-correio\/index.php?rest_route=\/wp\/v2\/users\/5"}],"replies":[{"embeddable":true,"href":"https:\/\/www.ocorreionews.com.br\/acervo-correio\/index.php?rest_route=%2Fwp%2Fv2%2Fcomments&post=177216"}],"version-history":[{"count":1,"href":"https:\/\/www.ocorreionews.com.br\/acervo-correio\/index.php?rest_route=\/wp\/v2\/posts\/177216\/revisions"}],"predecessor-version":[{"id":177222,"href":"https:\/\/www.ocorreionews.com.br\/acervo-correio\/index.php?rest_route=\/wp\/v2\/posts\/177216\/revisions\/177222"}],"wp:featuredmedia":[{"embeddable":true,"href":"https:\/\/www.ocorreionews.com.br\/acervo-correio\/index.php?rest_route=\/wp\/v2\/media\/144075"}],"wp:attachment":[{"href":"https:\/\/www.ocorreionews.com.br\/acervo-correio\/index.php?rest_route=%2Fwp%2Fv2%2Fmedia&parent=177216"}],"wp:term":[{"taxonomy":"category","embeddable":true,"href":"https:\/\/www.ocorreionews.com.br\/acervo-correio\/index.php?rest_route=%2Fwp%2Fv2%2Fcategories&post=177216"},{"taxonomy":"post_tag","embeddable":true,"href":"https:\/\/www.ocorreionews.com.br\/acervo-correio\/index.php?rest_route=%2Fwp%2Fv2%2Ftags&post=177216"}],"curies":[{"name":"wp","href":"https:\/\/api.w.org\/{rel}","templated":true}]}}