{"id":17832,"date":"2015-12-28T07:10:55","date_gmt":"2015-12-28T10:10:55","guid":{"rendered":"https:\/\/ocorreionews.com.br\/?p=17832"},"modified":"2015-12-28T07:20:58","modified_gmt":"2015-12-28T10:20:58","slug":"acao-conjunta-entre-notii-e-policia-militar-deteve-16-pessoas-em-chapadao-do-sul","status":"publish","type":"post","link":"https:\/\/www.ocorreionews.com.br\/acervo-correio\/?p=17832","title":{"rendered":"A\u00e7\u00e3o conjunta entre NOTII e Policia Militar deteve 16 pessoas em Chapad\u00e3o do Sul"},"content":{"rendered":"<p style=\"text-align: justify;\">Numa a\u00e7\u00e3o conjunta envolvendo a equipe do NOTII e A Policia Militar foram detidos na madruga de hoje 16 pessoas, que estava em duas bocas de fumos na cidade.<\/p>\n<p style=\"text-align: justify;\">Destas 16 pessoas, cinco foram atuados por trafico de drogas e ficar\u00e3o presos. Os demais ser\u00e3o atuados ao uso de drogas.<\/p>\n<p style=\"text-align: justify;\">Nos dois locais foram presos, al\u00e9m de varias notas em esp\u00e9cies, maconha, crack, entorpecentes, TV, cachimbo.<\/p>\n<p style=\"text-align: justify;\">Mat\u00e9ria editada para acr\u00e9scimo de informa\u00e7\u00f5es<\/p>\n<p style=\"text-align: justify;\"><a href=\"https:\/\/ocorreionews.com.br\/wp-content\/uploads\/2015\/12\/16b.jpg\" rel=\"attachment wp-att-17834\"><img loading=\"lazy\" decoding=\"async\" class=\"alignnone size-medium wp-image-17834\" src=\"https:\/\/ocorreionews.com.br\/wp-content\/uploads\/2015\/12\/16b-300x223.jpg\" alt=\"16b\" width=\"300\" height=\"223\" srcset=\"https:\/\/www.ocorreionews.com.br\/acervo-correio\/wp-content\/uploads\/2015\/12\/16b-300x223.jpg 300w, https:\/\/www.ocorreionews.com.br\/acervo-correio\/wp-content\/uploads\/2015\/12\/16b-100x75.jpg 100w, https:\/\/www.ocorreionews.com.br\/acervo-correio\/wp-content\/uploads\/2015\/12\/16b.jpg 588w\" sizes=\"auto, (max-width: 300px) 100vw, 300px\" \/><\/a><\/p>\n<p style=\"text-align: justify;\">Fotos Cesar Rodrigues<\/p>\n","protected":false},"excerpt":{"rendered":"<p>Numa a\u00e7\u00e3o conjunta envolvendo a equipe do NOTII e A Policia Militar foram detidos na madruga de hoje 16 pessoas, que estava em duas bocas de fumos na cidade. Destas 16 pessoas, cinco foram atuados por trafico de drogas e ficar\u00e3o presos. Os demais ser\u00e3o atuados ao uso de drogas. Nos dois locais foram presos, [&hellip;]<\/p>\n","protected":false},"author":4,"featured_media":17833,"comment_status":"closed","ping_status":"closed","sticky":false,"template":"","format":"standard","meta":{"footnotes":""},"categories":[38],"tags":[],"class_list":["post-17832","post","type-post","status-publish","format-standard","has-post-thumbnail","hentry","category-policia"],"_links":{"self":[{"href":"https:\/\/www.ocorreionews.com.br\/acervo-correio\/index.php?rest_route=\/wp\/v2\/posts\/17832","targetHints":{"allow":["GET"]}}],"collection":[{"href":"https:\/\/www.ocorreionews.com.br\/acervo-correio\/index.php?rest_route=\/wp\/v2\/posts"}],"about":[{"href":"https:\/\/www.ocorreionews.com.br\/acervo-correio\/index.php?rest_route=\/wp\/v2\/types\/post"}],"author":[{"embeddable":true,"href":"https:\/\/www.ocorreionews.com.br\/acervo-correio\/index.php?rest_route=\/wp\/v2\/users\/4"}],"replies":[{"embeddable":true,"href":"https:\/\/www.ocorreionews.com.br\/acervo-correio\/index.php?rest_route=%2Fwp%2Fv2%2Fcomments&post=17832"}],"version-history":[{"count":0,"href":"https:\/\/www.ocorreionews.com.br\/acervo-correio\/index.php?rest_route=\/wp\/v2\/posts\/17832\/revisions"}],"wp:featuredmedia":[{"embeddable":true,"href":"https:\/\/www.ocorreionews.com.br\/acervo-correio\/index.php?rest_route=\/wp\/v2\/media\/17833"}],"wp:attachment":[{"href":"https:\/\/www.ocorreionews.com.br\/acervo-correio\/index.php?rest_route=%2Fwp%2Fv2%2Fmedia&parent=17832"}],"wp:term":[{"taxonomy":"category","embeddable":true,"href":"https:\/\/www.ocorreionews.com.br\/acervo-correio\/index.php?rest_route=%2Fwp%2Fv2%2Fcategories&post=17832"},{"taxonomy":"post_tag","embeddable":true,"href":"https:\/\/www.ocorreionews.com.br\/acervo-correio\/index.php?rest_route=%2Fwp%2Fv2%2Ftags&post=17832"}],"curies":[{"name":"wp","href":"https:\/\/api.w.org\/{rel}","templated":true}]}}