{"id":17848,"date":"2015-12-28T09:39:32","date_gmt":"2015-12-28T12:39:32","guid":{"rendered":"https:\/\/ocorreionews.com.br\/?p=17848"},"modified":"2015-12-28T09:39:32","modified_gmt":"2015-12-28T12:39:32","slug":"costa-rica-definiu-os-shows-do-costa-folia-2016","status":"publish","type":"post","link":"https:\/\/www.ocorreionews.com.br\/acervo-correio\/?p=17848","title":{"rendered":"Costa Rica definiu os shows do Costa Folia 2016"},"content":{"rendered":"<p>O Planejamento da administra\u00e7\u00e3o de Costa Rica \u00e9 realmente impressionante. Faltando mais de 60 dias para a realiza\u00e7\u00e3o da maior festa popular brasileira, o munic\u00edpio j\u00e1 definiu a contrata\u00e7\u00e3o dos shows, que v\u00e3o animar a 13\u00aa Edi\u00e7\u00e3o do Costa Folia.<\/p>\n<p>A festa popular que acontece de 05 a 09 de fevereiro ter\u00e1 a seguinte programa\u00e7\u00e3o:<\/p>\n<p>Dia 05 &#8211; sexta-feira- Thimbahia<\/p>\n<p>Dia 06- s\u00e1bado \u2013 Batom na Cueca<\/p>\n<p>Dia 07- domingo \u2013 Vitamina comcevada<\/p>\n<p>Dia 08- segunda-feira \u2013 Reinaldinho.<\/p>\n<p>Dia 09-ter\u00e7a-feira- haver\u00e1 apenas o matine com as premia\u00e7\u00f5es dos blocos e anima\u00e7\u00e3o de DJ.<\/p>\n<p><a href=\"https:\/\/ocorreionews.com.br\/wp-content\/uploads\/2015\/12\/costa-folia-2016.jpg\" rel=\"attachment wp-att-17849\"><img loading=\"lazy\" decoding=\"async\" class=\"alignnone wp-image-17849 size-full\" src=\"https:\/\/ocorreionews.com.br\/wp-content\/uploads\/2015\/12\/costa-folia-2016.jpg\" alt=\"costa folia 2016\" width=\"650\" height=\"913\" srcset=\"https:\/\/www.ocorreionews.com.br\/acervo-correio\/wp-content\/uploads\/2015\/12\/costa-folia-2016.jpg 650w, https:\/\/www.ocorreionews.com.br\/acervo-correio\/wp-content\/uploads\/2015\/12\/costa-folia-2016-214x300.jpg 214w\" sizes=\"auto, (max-width: 650px) 100vw, 650px\" \/><\/a><\/p>\n","protected":false},"excerpt":{"rendered":"<p>O Planejamento da administra\u00e7\u00e3o de Costa Rica \u00e9 realmente impressionante. Faltando mais de 60 dias para a realiza\u00e7\u00e3o da maior festa popular brasileira, o munic\u00edpio j\u00e1 definiu a contrata\u00e7\u00e3o dos shows, que v\u00e3o animar a 13\u00aa Edi\u00e7\u00e3o do Costa Folia. A festa popular que acontece de 05 a 09 de fevereiro ter\u00e1 a seguinte programa\u00e7\u00e3o: [&hellip;]<\/p>\n","protected":false},"author":4,"featured_media":17850,"comment_status":"closed","ping_status":"closed","sticky":false,"template":"","format":"standard","meta":{"footnotes":""},"categories":[25],"tags":[],"class_list":["post-17848","post","type-post","status-publish","format-standard","has-post-thumbnail","hentry","category-costa-rica"],"_links":{"self":[{"href":"https:\/\/www.ocorreionews.com.br\/acervo-correio\/index.php?rest_route=\/wp\/v2\/posts\/17848","targetHints":{"allow":["GET"]}}],"collection":[{"href":"https:\/\/www.ocorreionews.com.br\/acervo-correio\/index.php?rest_route=\/wp\/v2\/posts"}],"about":[{"href":"https:\/\/www.ocorreionews.com.br\/acervo-correio\/index.php?rest_route=\/wp\/v2\/types\/post"}],"author":[{"embeddable":true,"href":"https:\/\/www.ocorreionews.com.br\/acervo-correio\/index.php?rest_route=\/wp\/v2\/users\/4"}],"replies":[{"embeddable":true,"href":"https:\/\/www.ocorreionews.com.br\/acervo-correio\/index.php?rest_route=%2Fwp%2Fv2%2Fcomments&post=17848"}],"version-history":[{"count":0,"href":"https:\/\/www.ocorreionews.com.br\/acervo-correio\/index.php?rest_route=\/wp\/v2\/posts\/17848\/revisions"}],"wp:featuredmedia":[{"embeddable":true,"href":"https:\/\/www.ocorreionews.com.br\/acervo-correio\/index.php?rest_route=\/wp\/v2\/media\/17850"}],"wp:attachment":[{"href":"https:\/\/www.ocorreionews.com.br\/acervo-correio\/index.php?rest_route=%2Fwp%2Fv2%2Fmedia&parent=17848"}],"wp:term":[{"taxonomy":"category","embeddable":true,"href":"https:\/\/www.ocorreionews.com.br\/acervo-correio\/index.php?rest_route=%2Fwp%2Fv2%2Fcategories&post=17848"},{"taxonomy":"post_tag","embeddable":true,"href":"https:\/\/www.ocorreionews.com.br\/acervo-correio\/index.php?rest_route=%2Fwp%2Fv2%2Ftags&post=17848"}],"curies":[{"name":"wp","href":"https:\/\/api.w.org\/{rel}","templated":true}]}}