{"id":17857,"date":"2015-12-29T08:06:23","date_gmt":"2015-12-29T11:06:23","guid":{"rendered":"https:\/\/ocorreionews.com.br\/?p=17857"},"modified":"2015-12-29T08:06:23","modified_gmt":"2015-12-29T11:06:23","slug":"ms-registra-12-casos-de-ferrugem-asiatica-em-lavouras-de-soja","status":"publish","type":"post","link":"https:\/\/www.ocorreionews.com.br\/acervo-correio\/?p=17857","title":{"rendered":"MS registra 12 casos de ferrugem asi\u00e1tica em lavouras de soja"},"content":{"rendered":"<div id=\"ctl00_cphConteudo_UcNoticiasDetalhe1_ucNoticia1_corpoNoticia\" class=\"corpo\">\n<p>Nove casos de ferrugem asi\u00e1tica foram registrados em dezembro nas lavouras de soja e na safra de 2015\/2016, Mato Grosso do Sul j\u00e1 soma 12 registros, sendo tr\u00eas em novembro.<\/p>\n<p>De acordo com Cons\u00f3rcio Antiferrugem, parceria p\u00fablico-privada no combate \u00e0 ferrugem asi\u00e1tica, Mato Grosso do Sul est\u00e1 em terceiro lugar entre os Estados com registros, ficando atr\u00e1s do Paran\u00e1, que contabiliza mais casos e Rio Grande do Sul.<\/p>\n<p>No Estado, Aral Moreira contabiliza quatro casos da doen\u00e7a, e o cons\u00f3rcio registrou a doen\u00e7a nos dias 14 e 26 de dezembro, em lavouras do tipo comercial.<\/p>\n<p>Em Dourados, j\u00e1 s\u00e3o dois casos e o primeiro de ferrugem asi\u00e1tica aconteceu no dia 3 de novembro no munic\u00edpio em lavoura do tipo soja volunt\u00e1ria. O segundo registro foi em 10 de dezembro, em lavoura comercial.<\/p>\n<p>Tr\u00eas casos de ferrugem asi\u00e1tica foram registrados nesta segunda-feira (28) em Maracaju, Navira\u00ed e Ponta Por\u00e3, todos em lavouras de soja comerciais.<\/p>\n<p>Em 12 de novembro, Ponta Por\u00e3 registrou o segundo caso no Estado, tamb\u00e9m em lavoura de soja volunt\u00e1ria da UFGD (Universidade Federal da Grande Dourados) e o segundo foi analisado hoje, em lavoura comercial.<\/p>\n<p>Outro caso de ferrugem asi\u00e1tica foi registrado em Amambai, no dia 2 de dezembro, em lavoura de soja comercial da Embrapa.<\/p>\n<p>Brasil \u2013 At\u00e9 28 de dezembro, s\u00e3o 167 casos da doen\u00e7as registrados no pa\u00eds, sendo 82 no Paran\u00e1 e 49 no Rio Grande do Sul. S\u00e3o Paulo tem registro de 11 casos, Mato Grosso e Santa Catarina s\u00e3o cinco registros e Minas Gerais s\u00e3o dois e Tocantis, um caso de ferrugem asi\u00e1tica.<\/p>\n<p>Ferrugem &#8211; \u00c9 considerada uma das doen\u00e7as mais severas que incidem na cultura e pode ocorrer em qualquer fase da soja.\u00a0Plantas infectadas apresentam desfolha precoce, comprometendo a forma\u00e7\u00e3o e o enchimento de vagens, reduzindo o peso final dos gr\u00e3os.<\/p>\n<p>Nas diversas regi\u00f5es geogr\u00e1ficas onde a ferrugem asi\u00e1tica foi relatada em n\u00edveis epid\u00eamicos, os danos variam de 10% a 90% da produ\u00e7\u00e3o.<\/p>\n<\/div>\n<p>&nbsp;<\/p>\n<div class=\"data cor\"><strong>Campo Grande News.<\/strong><\/div>\n<div class=\"data cor\"><strong>Autor: Renata Volpe Haddad<\/strong><\/div>\n","protected":false},"excerpt":{"rendered":"<p>Nove casos de ferrugem asi\u00e1tica foram registrados em dezembro nas lavouras de soja e na safra de 2015\/2016, Mato Grosso do Sul j\u00e1 soma 12 registros, sendo tr\u00eas em novembro. De acordo com Cons\u00f3rcio Antiferrugem, parceria p\u00fablico-privada no combate \u00e0 ferrugem asi\u00e1tica, Mato Grosso do Sul est\u00e1 em terceiro lugar entre os Estados com registros, [&hellip;]<\/p>\n","protected":false},"author":4,"featured_media":10821,"comment_status":"closed","ping_status":"closed","sticky":false,"template":"","format":"standard","meta":{"footnotes":""},"categories":[17],"tags":[],"class_list":["post-17857","post","type-post","status-publish","format-standard","has-post-thumbnail","hentry","category-agropecuaria"],"_links":{"self":[{"href":"https:\/\/www.ocorreionews.com.br\/acervo-correio\/index.php?rest_route=\/wp\/v2\/posts\/17857","targetHints":{"allow":["GET"]}}],"collection":[{"href":"https:\/\/www.ocorreionews.com.br\/acervo-correio\/index.php?rest_route=\/wp\/v2\/posts"}],"about":[{"href":"https:\/\/www.ocorreionews.com.br\/acervo-correio\/index.php?rest_route=\/wp\/v2\/types\/post"}],"author":[{"embeddable":true,"href":"https:\/\/www.ocorreionews.com.br\/acervo-correio\/index.php?rest_route=\/wp\/v2\/users\/4"}],"replies":[{"embeddable":true,"href":"https:\/\/www.ocorreionews.com.br\/acervo-correio\/index.php?rest_route=%2Fwp%2Fv2%2Fcomments&post=17857"}],"version-history":[{"count":0,"href":"https:\/\/www.ocorreionews.com.br\/acervo-correio\/index.php?rest_route=\/wp\/v2\/posts\/17857\/revisions"}],"wp:featuredmedia":[{"embeddable":true,"href":"https:\/\/www.ocorreionews.com.br\/acervo-correio\/index.php?rest_route=\/wp\/v2\/media\/10821"}],"wp:attachment":[{"href":"https:\/\/www.ocorreionews.com.br\/acervo-correio\/index.php?rest_route=%2Fwp%2Fv2%2Fmedia&parent=17857"}],"wp:term":[{"taxonomy":"category","embeddable":true,"href":"https:\/\/www.ocorreionews.com.br\/acervo-correio\/index.php?rest_route=%2Fwp%2Fv2%2Fcategories&post=17857"},{"taxonomy":"post_tag","embeddable":true,"href":"https:\/\/www.ocorreionews.com.br\/acervo-correio\/index.php?rest_route=%2Fwp%2Fv2%2Ftags&post=17857"}],"curies":[{"name":"wp","href":"https:\/\/api.w.org\/{rel}","templated":true}]}}