{"id":179035,"date":"2021-07-01T07:00:41","date_gmt":"2021-07-01T11:00:41","guid":{"rendered":"https:\/\/www.ocorreionews.com.br\/acervo-correio\/?p=179035"},"modified":"2021-06-30T15:05:24","modified_gmt":"2021-06-30T19:05:24","slug":"costa-rica-prazo-para-alistamento-militar-e-prorrogado-para-31-de-agosto-devido-a-pandemia","status":"publish","type":"post","link":"https:\/\/www.ocorreionews.com.br\/acervo-correio\/?p=179035","title":{"rendered":"Costa Rica: Prazo para alistamento Militar \u00e9 prorrogado para 31 de agosto devido a pandemia"},"content":{"rendered":"<div class=\"marginBottom30px link-Internas\">\n<p>Em raz\u00e3o ao enfrentamento da pandemia da COVID-19, foi fica prorrogado at\u00e9 31 de agosto de 20021, o prazo para apresenta\u00e7\u00e3o obrigat\u00f3ria para alistamento militar para os jovens nascidos em 2003. O prazo anterior encerrava nesta quarta-feira (30).<\/p>\n<p>Conforme o presidente da Junta de Servi\u00e7o Militar de Costa Rica e prefeito municipal, Cleverson Alves dos Santos, a prorroga\u00e7\u00e3o segue o decreto n\u00ba 10.731, do presidente da rep\u00fablica, Jair Messias Bolsonaro, seguindo do par\u00e1grafo 1\u00ba do artigo 41 do Decreto n\u00famero 57.654, de 20 de janeiro de 1996, sob a apresenta\u00e7\u00e3o obrigat\u00f3ria para o alistamento militar.<\/p>\n<p>O prazo dos brasileiros naturalizados ou por op\u00e7\u00e3o para a apresenta\u00e7\u00e3o obrigat\u00f3ria para o alistamento ser\u00e1 de 60 dias, contado do recebimento do certificado de naturaliza\u00e7\u00e3o ou da assinatura do termo de op\u00e7\u00e3o.<\/p>\n<p>O\u00a0alistamento\u00a0militar \u00e9 feito, exclusivamente, no\u00a0munic\u00edpio\u00a0em que o cidad\u00e3o reside e de acordo com a classifica\u00e7\u00e3o do Ex\u00e9rcito Brasileiro, Costa Rica \u00e9 munic\u00edpio n\u00e3o tributado, considerado pelo plano geral de convoca\u00e7\u00e3o anual, como\u00a0n\u00e3o\u00a0contribuinte \u00e0 convoca\u00e7\u00e3o para o Servi\u00e7o Militar inicial. Portanto, o jovem que tiver interesse em seguir carreira militar deve procurar Coxim ou Campo Grande, ou o mais pr\u00f3ximo para se alistar.<\/p>\n<p><strong>SERVI\u00c7O<\/strong><\/p>\n<p>O alistamento poder\u00e1 ser feito pelo site\u00a0<a href=\"https:\/\/alistamento.eb.mil.br\/\">https:\/\/alistamento.eb.mil.br\/<\/a>\u00a0sem a necessidade de presen\u00e7a f\u00edsica, atrav\u00e9s do portal do Ex\u00e9rcito Brasileiro. Ser\u00e1 necess\u00e1rio utilizar RG, CPF, comprovante de endere\u00e7o conta de \u00e1gua ou energia el\u00e9trica.<\/p>\n<p>A Junta est\u00e1 localizada na rua Ambrosina Paes Coelho, 228, no Pa\u00e7o Municipal, e funciona das 7h \u00e0s 11h30 e das 13h \u00e0s 17h. O telefone para informa\u00e7\u00f5es \u00e9 o (67) 3247-7000 com o servidor Paulo Renato.<\/p>\n<\/div>\n<p>&nbsp;<\/p>\n<p>&nbsp;<\/p>\n<div class=\"marginBottom30px link-Internas\">Assessoria de Comunica\u00e7\u00e3o<\/div>\n","protected":false},"excerpt":{"rendered":"<p>Em raz\u00e3o ao enfrentamento da pandemia da COVID-19, foi fica prorrogado at\u00e9 31 de agosto de 20021, o prazo para apresenta\u00e7\u00e3o obrigat\u00f3ria para alistamento militar para os jovens nascidos em 2003. O prazo anterior encerrava nesta quarta-feira (30). Conforme o presidente da Junta de Servi\u00e7o Militar de Costa Rica e prefeito municipal, Cleverson Alves dos [&hellip;]<\/p>\n","protected":false},"author":5,"featured_media":179037,"comment_status":"closed","ping_status":"closed","sticky":false,"template":"","format":"standard","meta":{"footnotes":""},"categories":[25],"tags":[],"class_list":["post-179035","post","type-post","status-publish","format-standard","has-post-thumbnail","hentry","category-costa-rica"],"_links":{"self":[{"href":"https:\/\/www.ocorreionews.com.br\/acervo-correio\/index.php?rest_route=\/wp\/v2\/posts\/179035","targetHints":{"allow":["GET"]}}],"collection":[{"href":"https:\/\/www.ocorreionews.com.br\/acervo-correio\/index.php?rest_route=\/wp\/v2\/posts"}],"about":[{"href":"https:\/\/www.ocorreionews.com.br\/acervo-correio\/index.php?rest_route=\/wp\/v2\/types\/post"}],"author":[{"embeddable":true,"href":"https:\/\/www.ocorreionews.com.br\/acervo-correio\/index.php?rest_route=\/wp\/v2\/users\/5"}],"replies":[{"embeddable":true,"href":"https:\/\/www.ocorreionews.com.br\/acervo-correio\/index.php?rest_route=%2Fwp%2Fv2%2Fcomments&post=179035"}],"version-history":[{"count":1,"href":"https:\/\/www.ocorreionews.com.br\/acervo-correio\/index.php?rest_route=\/wp\/v2\/posts\/179035\/revisions"}],"predecessor-version":[{"id":179038,"href":"https:\/\/www.ocorreionews.com.br\/acervo-correio\/index.php?rest_route=\/wp\/v2\/posts\/179035\/revisions\/179038"}],"wp:featuredmedia":[{"embeddable":true,"href":"https:\/\/www.ocorreionews.com.br\/acervo-correio\/index.php?rest_route=\/wp\/v2\/media\/179037"}],"wp:attachment":[{"href":"https:\/\/www.ocorreionews.com.br\/acervo-correio\/index.php?rest_route=%2Fwp%2Fv2%2Fmedia&parent=179035"}],"wp:term":[{"taxonomy":"category","embeddable":true,"href":"https:\/\/www.ocorreionews.com.br\/acervo-correio\/index.php?rest_route=%2Fwp%2Fv2%2Fcategories&post=179035"},{"taxonomy":"post_tag","embeddable":true,"href":"https:\/\/www.ocorreionews.com.br\/acervo-correio\/index.php?rest_route=%2Fwp%2Fv2%2Ftags&post=179035"}],"curies":[{"name":"wp","href":"https:\/\/api.w.org\/{rel}","templated":true}]}}