{"id":17912,"date":"2015-12-30T10:17:24","date_gmt":"2015-12-30T13:17:24","guid":{"rendered":"https:\/\/ocorreionews.com.br\/?p=17912"},"modified":"2015-12-30T10:17:24","modified_gmt":"2015-12-30T13:17:24","slug":"salario-minimo-de-2016-sera-de-r-88000-a-partir-de-1-de-janeiro","status":"publish","type":"post","link":"https:\/\/www.ocorreionews.com.br\/acervo-correio\/?p=17912","title":{"rendered":"Sal\u00e1rio M\u00ednimo de 2016 ser\u00e1 de R$ 880,00 a partir de 1\u00b0 de janeiro"},"content":{"rendered":"<div class=\"glb-bloco\">\n<div class=\"glb-grid-8\">\n<div id=\"glb-materia\" class=\"hfeed hentry\">\n<div class=\"materia-titulo\"><span style=\"font-family: helvetica; font-size: small;\">A presidente Dilma Rousseff assinou nesta ter\u00e7a-feira (29) decreto que fixa em R$ 880 o sal\u00e1rio m\u00ednimo que entrar\u00e1 em vigor em 1\u00ba de janeiro de 2016. O decreto ser\u00e1 publicado na edi\u00e7\u00e3o desta quarta-feira (30) do &#8220;Di\u00e1rio Oficial da Uni\u00e3o&#8221;.<\/span><\/div>\n<\/div>\n<\/div>\n<\/div>\n<p><span style=\"font-family: helvetica; font-size: small;\">Atualmente, o sal\u00e1rio m\u00ednimo \u00e9 de R$ 788. O novo valor representa um reajuste de 11,6%. A inlfa\u00e7\u00e3o medida pelo \u00cdndice Nacional de Pre\u00e7os ao Consumidor (INPC) \u00e9 de 10,28% no acumulado de 2015 at\u00e9 novembro e de 10,97% no acumulado dos \u00faltimos 12 meses.<\/span><\/p>\n<p><span style=\"font-family: helvetica; font-size: small;\">A previs\u00e3o do mercado \u00e9 de que o \u00cdndice de Pre\u00e7os ao Consumidor Amplo (IPCA), a infla\u00e7\u00e3o oficial, feche este ano em 10,72%.<\/span><\/p>\n<div id=\"entenda_o_caso_480\" class=\"entenda-o-caso componente_materia\"><span style=\"font-family: helvetica; font-size: small;\">\u00a0Em agosto, quando enviou a proposta de Or\u00e7amento de 2016 ao Congresso Nacional, o governo previa uma eleva\u00e7\u00e3o do m\u00ednimo para R$ R$ 865,50. Quando o Congresso aprovou, no \u00faltimo dia 17, a previs\u00e3o era R$ 870,99.<\/span><\/div>\n<p><span style=\"font-family: helvetica; font-size: small;\">O valor foi alterado porque \u00e9 atualizado com base nos par\u00e2metros estabelecidos para sua corre\u00e7\u00e3o \u2013 crescimento do Produto Interno Bruto (PIB) de dois anos antes e infla\u00e7\u00e3o do ano anterior medida pelo INPC, \u00edndice que reflete a alta de pre\u00e7os para fam\u00edlias com renda entre um e cinco sal\u00e1rios m\u00ednimos.<\/span><\/p>\n<p><span style=\"font-family: helvetica; font-size: small;\">Em nota, o governo informou que o reajuste d\u00e1 continuidade \u00e0 pol\u00edtica de valoriza\u00e7\u00e3o do m\u00ednimo, &#8220;com impacto direto sobre cerca de 40 milh\u00f5es de trabalhadores e aposentados, que atualmente recebem o piso nacional&#8221;.<\/span><\/p>\n<p><strong><span style=\"font-family: helvetica; font-size: small;\">Previs\u00f5es iniciais<\/span><\/strong><\/p>\n<p><span style=\"font-family: helvetica; font-size: small;\">Em 2012, quando enviou a proposta da Lei de Diretrizes Or\u00e7ament\u00e1rias (LDO) de 2013, o governo previa que o sal\u00e1rio m\u00ednimo superasse a barreira dos R$ 800 j\u00e1 em 2015.<\/span><\/p>\n<p><span style=\"font-family: helvetica; font-size: small;\">Mas o crescimento do PIB ficou abaixo do que o governo esperava na ocasi\u00e3o, o que resultou em uma alta menor do m\u00ednimo.<\/span><\/p>\n<p><span style=\"font-family: helvetica; font-size: small;\">Em abril de 2013, na proposta da LDO do ano seguinte, o governo previa que o sal\u00e1rio m\u00ednimo somaria R$ 849,78 em 2016. Em mar\u00e7o do ano passado, na proposta da LDO de 2015, a estimativa do Executivo para o valor do m\u00ednimo de 2016 j\u00e1 havia recuado para R$ 839,24.<\/span><\/p>\n<p><strong><span style=\"font-family: helvetica; font-size: small;\">Nota<\/span><\/strong><\/p>\n<p><span style=\"font-family: helvetica; font-size: small;\">Leia abaixo a \u00edntegra de nota sobre o reajuste do m\u00ednimo divulgada pela Secretaria de Imprensa da Presid\u00eancia da Rep\u00fablica.<\/span><\/p>\n<p><em><span style=\"font-family: helvetica; font-size: small;\">NOTA \u00c0 IMPRENSA<\/p>\n<p>Decreto assinado nesta ter\u00e7a-feira (29\/12) pela presidenta da Rep\u00fablica,\u00a0<span class=\"premium-tip\">Dilma Rousseff<\/span>, fixa o sal\u00e1rio m\u00ednimo que entrar\u00e1 em vigor a partir de 1\u00ba de janeiro de 2016: R$ 880,00 (oitocentos e oitenta reais). O decreto ser\u00e1 publicado no Di\u00e1rio Oficial da Uni\u00e3o de quarta-feira (30\/12).<\/span><\/em><\/p>\n<p><em><span style=\"font-family: helvetica; font-size: small;\">Com o decreto assinado hoje pela presidenta Dilma Rousseff, o governo federal d\u00e1 continuidade \u00e0 sua pol\u00edtica de valoriza\u00e7\u00e3o do sal\u00e1rio m\u00ednimo, com impacto direto sobre cerca de 40 milh\u00f5es de trabalhadores e aposentados, que atualmente recebem o piso nacional.<\/span><\/em><\/p>\n<p><em><span style=\"font-family: helvetica; font-size: small;\">O ministro Miguel Rossetto falar\u00e1 \u00e0 imprensa \u00e0s 15h na sede do Minist\u00e9rio do Trabalho &amp; Previd\u00eancia Social.<\/span><\/em><\/p>\n<p><em><span style=\"font-family: helvetica; font-size: small;\">Secretaria de Imprensa<br \/>\nSecretaria de Comunica\u00e7\u00e3o Social da Presid\u00eancia da Rep\u00fablica<\/span><\/em><\/p>\n","protected":false},"excerpt":{"rendered":"<p>A presidente Dilma Rousseff assinou nesta ter\u00e7a-feira (29) decreto que fixa em R$ 880 o sal\u00e1rio m\u00ednimo que entrar\u00e1 em vigor em 1\u00ba de janeiro de 2016. O decreto ser\u00e1 publicado na edi\u00e7\u00e3o desta quarta-feira (30) do &#8220;Di\u00e1rio Oficial da Uni\u00e3o&#8221;. Atualmente, o sal\u00e1rio m\u00ednimo \u00e9 de R$ 788. O novo valor representa um reajuste [&hellip;]<\/p>\n","protected":false},"author":4,"featured_media":12809,"comment_status":"closed","ping_status":"closed","sticky":false,"template":"","format":"standard","meta":{"footnotes":""},"categories":[26],"tags":[],"class_list":["post-17912","post","type-post","status-publish","format-standard","has-post-thumbnail","hentry","category-economia"],"_links":{"self":[{"href":"https:\/\/www.ocorreionews.com.br\/acervo-correio\/index.php?rest_route=\/wp\/v2\/posts\/17912","targetHints":{"allow":["GET"]}}],"collection":[{"href":"https:\/\/www.ocorreionews.com.br\/acervo-correio\/index.php?rest_route=\/wp\/v2\/posts"}],"about":[{"href":"https:\/\/www.ocorreionews.com.br\/acervo-correio\/index.php?rest_route=\/wp\/v2\/types\/post"}],"author":[{"embeddable":true,"href":"https:\/\/www.ocorreionews.com.br\/acervo-correio\/index.php?rest_route=\/wp\/v2\/users\/4"}],"replies":[{"embeddable":true,"href":"https:\/\/www.ocorreionews.com.br\/acervo-correio\/index.php?rest_route=%2Fwp%2Fv2%2Fcomments&post=17912"}],"version-history":[{"count":0,"href":"https:\/\/www.ocorreionews.com.br\/acervo-correio\/index.php?rest_route=\/wp\/v2\/posts\/17912\/revisions"}],"wp:featuredmedia":[{"embeddable":true,"href":"https:\/\/www.ocorreionews.com.br\/acervo-correio\/index.php?rest_route=\/wp\/v2\/media\/12809"}],"wp:attachment":[{"href":"https:\/\/www.ocorreionews.com.br\/acervo-correio\/index.php?rest_route=%2Fwp%2Fv2%2Fmedia&parent=17912"}],"wp:term":[{"taxonomy":"category","embeddable":true,"href":"https:\/\/www.ocorreionews.com.br\/acervo-correio\/index.php?rest_route=%2Fwp%2Fv2%2Fcategories&post=17912"},{"taxonomy":"post_tag","embeddable":true,"href":"https:\/\/www.ocorreionews.com.br\/acervo-correio\/index.php?rest_route=%2Fwp%2Fv2%2Ftags&post=17912"}],"curies":[{"name":"wp","href":"https:\/\/api.w.org\/{rel}","templated":true}]}}