{"id":17914,"date":"2015-12-30T10:25:31","date_gmt":"2015-12-30T13:25:31","guid":{"rendered":"https:\/\/ocorreionews.com.br\/?p=17914"},"modified":"2015-12-30T10:25:31","modified_gmt":"2015-12-30T13:25:31","slug":"pma-prende-homem-com-arma-de-fogo-e-municoes-em-costa-rica","status":"publish","type":"post","link":"https:\/\/www.ocorreionews.com.br\/acervo-correio\/?p=17914","title":{"rendered":"PMA prende homem com arma de fogo e muni\u00e7\u00f5es em Costa Rica"},"content":{"rendered":"<div>Durante bloqueio ontem (28) no final da tarde na BR 359, Policiais Militares Ambientais de Costa Rica abordaram um ve\u00edculo Fiat Estrada, que seguia de Coxim para Iturama (MG) e encontraram com o passageiro de 45 anos, um rev\u00f3lver marca Taurus calibre 22, carregado com 6 muni\u00e7\u00f5es e mais 12 muni\u00e7\u00f5es sobressalentes. A arma e as muni\u00e7\u00f5es, que estavam dentro de uma bolsa envoltos a uma cal\u00e7a, e que n\u00e3o possu\u00edam documenta\u00e7\u00e3o foram apreendidas. O propriet\u00e1rio do ve\u00edculo informou que n\u00e3o sabia que o passageiro possu\u00eda arma, vers\u00e3o confirmada pelo infrator.<\/div>\n<div><\/div>\n<div>O infrator, de 34 anos, residente em Coxim recebeu voz de pris\u00e3o e foi encaminhado, juntamente com o material apreendido, \u00e0 delegacia de Costa Rica, onde ele foi autuado em flagrante por porte ilegal de arma. A pena para esse crime \u00e9 de dois a quatro anos de pris\u00e3o.<\/div>\n<div><\/div>\n<div><\/div>\n<div>Costa Rica em Foco<\/div>\n","protected":false},"excerpt":{"rendered":"<p>Durante bloqueio ontem (28) no final da tarde na BR 359, Policiais Militares Ambientais de Costa Rica abordaram um ve\u00edculo Fiat Estrada, que seguia de Coxim para Iturama (MG) e encontraram com o passageiro de 45 anos, um rev\u00f3lver marca Taurus calibre 22, carregado com 6 muni\u00e7\u00f5es e mais 12 muni\u00e7\u00f5es sobressalentes. A arma e [&hellip;]<\/p>\n","protected":false},"author":4,"featured_media":17915,"comment_status":"closed","ping_status":"closed","sticky":false,"template":"","format":"standard","meta":{"footnotes":""},"categories":[25,38],"tags":[],"class_list":["post-17914","post","type-post","status-publish","format-standard","has-post-thumbnail","hentry","category-costa-rica","category-policia"],"_links":{"self":[{"href":"https:\/\/www.ocorreionews.com.br\/acervo-correio\/index.php?rest_route=\/wp\/v2\/posts\/17914","targetHints":{"allow":["GET"]}}],"collection":[{"href":"https:\/\/www.ocorreionews.com.br\/acervo-correio\/index.php?rest_route=\/wp\/v2\/posts"}],"about":[{"href":"https:\/\/www.ocorreionews.com.br\/acervo-correio\/index.php?rest_route=\/wp\/v2\/types\/post"}],"author":[{"embeddable":true,"href":"https:\/\/www.ocorreionews.com.br\/acervo-correio\/index.php?rest_route=\/wp\/v2\/users\/4"}],"replies":[{"embeddable":true,"href":"https:\/\/www.ocorreionews.com.br\/acervo-correio\/index.php?rest_route=%2Fwp%2Fv2%2Fcomments&post=17914"}],"version-history":[{"count":0,"href":"https:\/\/www.ocorreionews.com.br\/acervo-correio\/index.php?rest_route=\/wp\/v2\/posts\/17914\/revisions"}],"wp:featuredmedia":[{"embeddable":true,"href":"https:\/\/www.ocorreionews.com.br\/acervo-correio\/index.php?rest_route=\/wp\/v2\/media\/17915"}],"wp:attachment":[{"href":"https:\/\/www.ocorreionews.com.br\/acervo-correio\/index.php?rest_route=%2Fwp%2Fv2%2Fmedia&parent=17914"}],"wp:term":[{"taxonomy":"category","embeddable":true,"href":"https:\/\/www.ocorreionews.com.br\/acervo-correio\/index.php?rest_route=%2Fwp%2Fv2%2Fcategories&post=17914"},{"taxonomy":"post_tag","embeddable":true,"href":"https:\/\/www.ocorreionews.com.br\/acervo-correio\/index.php?rest_route=%2Fwp%2Fv2%2Ftags&post=17914"}],"curies":[{"name":"wp","href":"https:\/\/api.w.org\/{rel}","templated":true}]}}