{"id":17917,"date":"2015-12-30T10:27:58","date_gmt":"2015-12-30T13:27:58","guid":{"rendered":"https:\/\/ocorreionews.com.br\/?p=17917"},"modified":"2015-12-30T10:27:58","modified_gmt":"2015-12-30T13:27:58","slug":"em-ms-1-609-presos-vao-passar-ano-novo-em-casa","status":"publish","type":"post","link":"https:\/\/www.ocorreionews.com.br\/acervo-correio\/?p=17917","title":{"rendered":"Em MS, 1.609 presos v\u00e3o passar Ano Novo em casa"},"content":{"rendered":"<div class=\"field field-name-body field-type-text-with-summary field-label-hidden\">\n<div class=\"field-items\">\n<div class=\"field-item even\">\n<p>Presidi\u00e1rios que cumprem pena no regime alternativo v\u00e3o passar o fim de ano em casa em Mato Grosso do Sul. Segundo o diretor-presidente da Ag\u00eancia Estadual de Administra\u00e7\u00e3o do Sistema Penitenci\u00e1rio de Mato Grosso do Sul (Agepen\/MS) Ailton Stropa, o benef\u00edcio da sa\u00edda tempor\u00e1ria vale para os albergados em regime aberto e semiaberto, que saem para trabalhar e retornam ao pres\u00eddio para pernoitar.<\/p>\n<p>Entre as condi\u00e7\u00f5es previstas no regulamento da Lei de Execu\u00e7\u00f5es Penais, para o preso passar o feriad\u00e3o com os familiares, tamb\u00e9m, est\u00e3o requisitos como ter cumprido mais de um sexto da pena total se for prim\u00e1rio, ou um quarto se for reincidente. Tem que ter boa conduta carcer\u00e1ria e estar no regime alternativo de pris\u00e3o h\u00e1 mais de 30 dias.<\/p>\n<p>Dos 3,350 presidi\u00e1rios nestas condi\u00e7\u00f5es, em MS, 1.609 foram liberados este ano. Metade no feriado de Natal e o restante agora, na semana do Ano Novo. S\u00e3o 610 beneficiado pela sa\u00edda tempor\u00e1ria em Campo Grande e 193 em Dourados.<\/p>\n<p>O preso em sa\u00edda tempor\u00e1ria n\u00e3o pode freq\u00fcentar bares, boates, embriagar-se, envolver-se em brigas, andar armado, ou praticar qualquer outro ato que seja falta grave, como, por exemplo, a pr\u00e1tica de delitos.<\/p>\n<p>A Agepen informou que os presidi\u00e1rios liberados para passar o fim de ano em casa ser\u00e3o monitorados. A Pol\u00edcia Militar em cada cidade foi informada sobre a circula\u00e7\u00e3o dos detentos que poder\u00e3o receber visitas incertas, a qualquer hora, para verificar se est\u00e3o cumprindo as determina\u00e7\u00f5es previstas por este benef\u00edcio.<\/p>\n<\/div>\n<\/div>\n<p>&nbsp;<\/p>\n<div class=\"field-items\">\n<div class=\"field-item even\">\n<p><em>Dourados Agora<\/em><\/p>\n<\/div>\n<\/div>\n<\/div>\n","protected":false},"excerpt":{"rendered":"<p>Presidi\u00e1rios que cumprem pena no regime alternativo v\u00e3o passar o fim de ano em casa em Mato Grosso do Sul. Segundo o diretor-presidente da Ag\u00eancia Estadual de Administra\u00e7\u00e3o do Sistema Penitenci\u00e1rio de Mato Grosso do Sul (Agepen\/MS) Ailton Stropa, o benef\u00edcio da sa\u00edda tempor\u00e1ria vale para os albergados em regime aberto e semiaberto, que saem [&hellip;]<\/p>\n","protected":false},"author":4,"featured_media":16180,"comment_status":"closed","ping_status":"closed","sticky":false,"template":"","format":"standard","meta":{"footnotes":""},"categories":[38],"tags":[],"class_list":["post-17917","post","type-post","status-publish","format-standard","has-post-thumbnail","hentry","category-policia"],"_links":{"self":[{"href":"https:\/\/www.ocorreionews.com.br\/acervo-correio\/index.php?rest_route=\/wp\/v2\/posts\/17917","targetHints":{"allow":["GET"]}}],"collection":[{"href":"https:\/\/www.ocorreionews.com.br\/acervo-correio\/index.php?rest_route=\/wp\/v2\/posts"}],"about":[{"href":"https:\/\/www.ocorreionews.com.br\/acervo-correio\/index.php?rest_route=\/wp\/v2\/types\/post"}],"author":[{"embeddable":true,"href":"https:\/\/www.ocorreionews.com.br\/acervo-correio\/index.php?rest_route=\/wp\/v2\/users\/4"}],"replies":[{"embeddable":true,"href":"https:\/\/www.ocorreionews.com.br\/acervo-correio\/index.php?rest_route=%2Fwp%2Fv2%2Fcomments&post=17917"}],"version-history":[{"count":0,"href":"https:\/\/www.ocorreionews.com.br\/acervo-correio\/index.php?rest_route=\/wp\/v2\/posts\/17917\/revisions"}],"wp:featuredmedia":[{"embeddable":true,"href":"https:\/\/www.ocorreionews.com.br\/acervo-correio\/index.php?rest_route=\/wp\/v2\/media\/16180"}],"wp:attachment":[{"href":"https:\/\/www.ocorreionews.com.br\/acervo-correio\/index.php?rest_route=%2Fwp%2Fv2%2Fmedia&parent=17917"}],"wp:term":[{"taxonomy":"category","embeddable":true,"href":"https:\/\/www.ocorreionews.com.br\/acervo-correio\/index.php?rest_route=%2Fwp%2Fv2%2Fcategories&post=17917"},{"taxonomy":"post_tag","embeddable":true,"href":"https:\/\/www.ocorreionews.com.br\/acervo-correio\/index.php?rest_route=%2Fwp%2Fv2%2Ftags&post=17917"}],"curies":[{"name":"wp","href":"https:\/\/api.w.org\/{rel}","templated":true}]}}