{"id":17921,"date":"2015-12-30T10:31:43","date_gmt":"2015-12-30T13:31:43","guid":{"rendered":"https:\/\/ocorreionews.com.br\/?p=17921"},"modified":"2015-12-30T10:31:43","modified_gmt":"2015-12-30T13:31:43","slug":"governo-do-estado-cria-plano-piloto-com-seis-municipios-para-combater-mosquito-transmissor-da-dengue-e-zika","status":"publish","type":"post","link":"https:\/\/www.ocorreionews.com.br\/acervo-correio\/?p=17921","title":{"rendered":"Governo do Estado cria plano piloto com seis munic\u00edpios para combater mosquito transmissor da Dengue e Zika"},"content":{"rendered":"<div>O Governo do Estado, por meio da Secretaria de Estado de Sa\u00fade e com a participa\u00e7\u00e3o da Subsecretaria de Comunica\u00e7\u00e3o, realizou, nesta segunda-feira (28), uma reuni\u00e3o com prefeitos e secret\u00e1rios de cinco dos seis munic\u00edpios polos que ir\u00e3o participar de um plano piloto para combater o mosquito Aedes aegypti, transmissor da Dengue, Zika v\u00edrus e Chikungunya. A inten\u00e7\u00e3o \u00e9 usar tecnologia e informa\u00e7\u00e3o para evitar uma epidemia das doen\u00e7as, em especial a Zika, associada \u00e0 microcefalia. O encontro foi realizado na Sala de Situa\u00e7\u00e3o, localizada em frente \u00e0 Acadepol, no Parque dos Poderes.<\/div>\n<div><\/div>\n<div>\u201cEstamos potencialmente a frente de uma calamidade\u201d, alertou o secret\u00e1rio de Estado de Sa\u00fade, Nelson Tavares. A estrat\u00e9gia \u00e9 aperfei\u00e7oar a qualidade das visitas dos agentes comunit\u00e1rios, de sa\u00fade e de endemias aos 850 mil domic\u00edlios de Mato Grosso do Sul. O plano piloto ser\u00e1 implementado em S\u00e3o Gabriel do Oeste, Maracaju, Bataguassu, Bonito, <strong>Costa Rica<\/strong> e Taquarussu.<\/div>\n<div><\/div>\n<div>Os agentes de endemias usar\u00e3o tablets e smartphones para se comunicar em tempo real com a Sala de Situa\u00e7\u00e3o. Por meio da tecnologia (GPS) ser\u00e1 poss\u00edvel verificar se o agente realmente visitou o domic\u00edlio. Um programa j\u00e1 foi desenvolvido pelo Governo para isso. Duzentos e sessenta tablets vindos da Receita Federal ser\u00e3o distribu\u00eddos para esse combate nos seis munic\u00edpios, mas os profissionais poder\u00e3o tamb\u00e9m usar os pr\u00f3prios smartphones. E para incentivar esse trabalho de campo, o Governo estuda fazer um pagamento por produtividade aos agentes de endemias.<\/div>\n<div><\/div>\n<div>Nelson Tavares explicou a urg\u00eancia das a\u00e7\u00f5es contra o mosquito e disse ter esperan\u00e7a de que a sociedade ir\u00e1 se mobilizar quando tomar consci\u00eancia do tamanho do problema. \u201cN\u00e3o podemos esperar fevereiro ou mar\u00e7o para se mobilizar\u201d, afirmou. A guerra contra o mosquito depende da participa\u00e7\u00e3o de todos, que n\u00e3o podem deixar \u00e1gua parada permitindo a reprodu\u00e7\u00e3o do vetor. \u00a0Para o secret\u00e1rio de Sa\u00fade, a Zika poder\u00e1 ser protagonista da maior epidemia de sa\u00fade p\u00fablica dos \u00faltimos 100 anos, superando as epidemias de Aids e de poliomelite no s\u00e9culo passado.<\/div>\n<div><\/div>\n<div>Prefeito de S\u00e3o Gabriel do Oeste, Ad\u00e3o Rolim contou que j\u00e1 est\u00e1 intensificando as a\u00e7\u00f5es para exterminar o mosquito. \u201cTemos focos em todos os munic\u00edpios. A situa\u00e7\u00e3o em S\u00e3o Gabriel do Oeste ainda n\u00e3o \u00e9 alarmante, mas considerando toda a gravidade dessas doen\u00e7as j\u00e1 fizemos uma reuni\u00e3o com todos os agentes que ter\u00e3o todas as condi\u00e7\u00f5es de notificar e multar quem colocar a vida dos outros em risco. A cada seis meses passamos recolhendo os entulhos, mas agora vamos intensificar isso. A partir do dia 4 vamos fazer uma grande opera\u00e7\u00e3o de limpeza. N\u00f3s tamb\u00e9m estamos intensificando a nossa comunica\u00e7\u00e3o para fazer um apelo \u00e0 popula\u00e7\u00e3o para n\u00e3o deixar o mosquito se proliferar\u201d, disse.<\/div>\n<div><\/div>\n<div>O subsecret\u00e1rio de Comunica\u00e7\u00e3o, Rodrigo Mendes, apresentou as campanhas do Governo do Estado, com v\u00eddeo institucional, cartazes, folhetos, adesivos (para casa e carro), faixas, uso das m\u00eddias sociais, e spots em r\u00e1dios, entre outros, que ser\u00e3o usadas para conscientizar \u00e0 popula\u00e7\u00e3o sobre os riscos da Zika. \u201cA inten\u00e7\u00e3o n\u00e3o \u00e9 deixar a popula\u00e7\u00e3o apavorada, mas mostrar e sensibilizar para o risco da doen\u00e7a. Vamos usar todas as ferramentas para levar a informa\u00e7\u00e3o \u00e0 popula\u00e7\u00e3o\u201d.<\/div>\n<div><\/div>\n<div>Fonte: Not\u00edcias MS<\/div>\n","protected":false},"excerpt":{"rendered":"<p>O Governo do Estado, por meio da Secretaria de Estado de Sa\u00fade e com a participa\u00e7\u00e3o da Subsecretaria de Comunica\u00e7\u00e3o, realizou, nesta segunda-feira (28), uma reuni\u00e3o com prefeitos e secret\u00e1rios de cinco dos seis munic\u00edpios polos que ir\u00e3o participar de um plano piloto para combater o mosquito Aedes aegypti, transmissor da Dengue, Zika v\u00edrus e [&hellip;]<\/p>\n","protected":false},"author":4,"featured_media":17922,"comment_status":"closed","ping_status":"closed","sticky":false,"template":"","format":"standard","meta":{"footnotes":""},"categories":[25,39],"tags":[],"class_list":["post-17921","post","type-post","status-publish","format-standard","has-post-thumbnail","hentry","category-costa-rica","category-saude"],"_links":{"self":[{"href":"https:\/\/www.ocorreionews.com.br\/acervo-correio\/index.php?rest_route=\/wp\/v2\/posts\/17921","targetHints":{"allow":["GET"]}}],"collection":[{"href":"https:\/\/www.ocorreionews.com.br\/acervo-correio\/index.php?rest_route=\/wp\/v2\/posts"}],"about":[{"href":"https:\/\/www.ocorreionews.com.br\/acervo-correio\/index.php?rest_route=\/wp\/v2\/types\/post"}],"author":[{"embeddable":true,"href":"https:\/\/www.ocorreionews.com.br\/acervo-correio\/index.php?rest_route=\/wp\/v2\/users\/4"}],"replies":[{"embeddable":true,"href":"https:\/\/www.ocorreionews.com.br\/acervo-correio\/index.php?rest_route=%2Fwp%2Fv2%2Fcomments&post=17921"}],"version-history":[{"count":0,"href":"https:\/\/www.ocorreionews.com.br\/acervo-correio\/index.php?rest_route=\/wp\/v2\/posts\/17921\/revisions"}],"wp:featuredmedia":[{"embeddable":true,"href":"https:\/\/www.ocorreionews.com.br\/acervo-correio\/index.php?rest_route=\/wp\/v2\/media\/17922"}],"wp:attachment":[{"href":"https:\/\/www.ocorreionews.com.br\/acervo-correio\/index.php?rest_route=%2Fwp%2Fv2%2Fmedia&parent=17921"}],"wp:term":[{"taxonomy":"category","embeddable":true,"href":"https:\/\/www.ocorreionews.com.br\/acervo-correio\/index.php?rest_route=%2Fwp%2Fv2%2Fcategories&post=17921"},{"taxonomy":"post_tag","embeddable":true,"href":"https:\/\/www.ocorreionews.com.br\/acervo-correio\/index.php?rest_route=%2Fwp%2Fv2%2Ftags&post=17921"}],"curies":[{"name":"wp","href":"https:\/\/api.w.org\/{rel}","templated":true}]}}