{"id":179234,"date":"2021-07-02T19:59:09","date_gmt":"2021-07-02T23:59:09","guid":{"rendered":"https:\/\/www.ocorreionews.com.br\/acervo-correio\/?p=179234"},"modified":"2021-07-02T19:59:09","modified_gmt":"2021-07-02T23:59:09","slug":"ses-nega-ter-aplicado-vacina-vencida-em-ms","status":"publish","type":"post","link":"https:\/\/www.ocorreionews.com.br\/acervo-correio\/?p=179234","title":{"rendered":"SES nega ter aplicado vacina vencida em MS"},"content":{"rendered":"<p>&nbsp;<\/p>\n<p>Levantamento feito pela Folha de S\u00e3o Paulo, divulgado nesta sexta-feira (2), com dados que constam nos registros oficiais do Minist\u00e9rio da Sa\u00fade, apontou que 221 pessoas receberam doses da vacina Astrazeneca fora do prazo de validade em Mato Grosso do Sul.<\/p>\n<p>A SES (Secret\u00e1ria Estadual de Sa\u00fade), negou que tenha repassado ou aplicado doses vencidas na popula\u00e7\u00e3o sul-mato-grossense e que \u201ctodas as doses foram aplicadas dentro da validade\u201d. Como justificativa a pasta informou que pode ter ocorrido um erro nas datas de lan\u00e7amento no sistema do Minist\u00e9rio da Sa\u00fade.<\/p>\n<p>PUBLICIDADE<\/p>\n<p>\u201cO sistema do SI-PNI (que registra as aplica\u00e7\u00f5es) computa a dose pela data de lan\u00e7amento no sistema e n\u00e3o pela data de aplica\u00e7\u00e3o. Alguns munic\u00edpios n\u00e3o alimentaram o SI-PNI desde o in\u00edcio realizando o lan\u00e7amento posterior, com isso ficou no sistema a data de lan\u00e7amento no sistema, como se fosse a data de aplica\u00e7\u00e3o\u201d, justificou a secretaria.<\/p>\n<p>Al\u00e9m da alimenta\u00e7\u00e3o tardia das aplica\u00e7\u00f5es no sistema, a pasta informou que houve oscila\u00e7\u00f5es do Sistema do SI-PNI em algumas localidades, impossibilitando o lan\u00e7amento no sistema na data da aplica\u00e7\u00e3o.<\/p>\n<p>De acordo com o levantamento da Folha de S\u00e3o Paulo, ao menos 24 munic\u00edpios do Estado aplicaram doses vencidas da vacina contra a Covid-19.<\/p>\n<p>&nbsp;<\/p>\n<p>Por Jhefferson Gamarra &#8211;\u00a0 CAMPO GRANDE NEWS<\/p>\n","protected":false},"excerpt":{"rendered":"<p>&nbsp; Levantamento feito pela Folha de S\u00e3o Paulo, divulgado nesta sexta-feira (2), com dados que constam nos registros oficiais do Minist\u00e9rio da Sa\u00fade, apontou que 221 pessoas receberam doses da vacina Astrazeneca fora do prazo de validade em Mato Grosso do Sul. A SES (Secret\u00e1ria Estadual de Sa\u00fade), negou que tenha repassado ou aplicado doses [&hellip;]<\/p>\n","protected":false},"author":5,"featured_media":170293,"comment_status":"closed","ping_status":"closed","sticky":false,"template":"","format":"standard","meta":{"footnotes":""},"categories":[39],"tags":[],"class_list":["post-179234","post","type-post","status-publish","format-standard","has-post-thumbnail","hentry","category-saude"],"_links":{"self":[{"href":"https:\/\/www.ocorreionews.com.br\/acervo-correio\/index.php?rest_route=\/wp\/v2\/posts\/179234","targetHints":{"allow":["GET"]}}],"collection":[{"href":"https:\/\/www.ocorreionews.com.br\/acervo-correio\/index.php?rest_route=\/wp\/v2\/posts"}],"about":[{"href":"https:\/\/www.ocorreionews.com.br\/acervo-correio\/index.php?rest_route=\/wp\/v2\/types\/post"}],"author":[{"embeddable":true,"href":"https:\/\/www.ocorreionews.com.br\/acervo-correio\/index.php?rest_route=\/wp\/v2\/users\/5"}],"replies":[{"embeddable":true,"href":"https:\/\/www.ocorreionews.com.br\/acervo-correio\/index.php?rest_route=%2Fwp%2Fv2%2Fcomments&post=179234"}],"version-history":[{"count":1,"href":"https:\/\/www.ocorreionews.com.br\/acervo-correio\/index.php?rest_route=\/wp\/v2\/posts\/179234\/revisions"}],"predecessor-version":[{"id":179235,"href":"https:\/\/www.ocorreionews.com.br\/acervo-correio\/index.php?rest_route=\/wp\/v2\/posts\/179234\/revisions\/179235"}],"wp:featuredmedia":[{"embeddable":true,"href":"https:\/\/www.ocorreionews.com.br\/acervo-correio\/index.php?rest_route=\/wp\/v2\/media\/170293"}],"wp:attachment":[{"href":"https:\/\/www.ocorreionews.com.br\/acervo-correio\/index.php?rest_route=%2Fwp%2Fv2%2Fmedia&parent=179234"}],"wp:term":[{"taxonomy":"category","embeddable":true,"href":"https:\/\/www.ocorreionews.com.br\/acervo-correio\/index.php?rest_route=%2Fwp%2Fv2%2Fcategories&post=179234"},{"taxonomy":"post_tag","embeddable":true,"href":"https:\/\/www.ocorreionews.com.br\/acervo-correio\/index.php?rest_route=%2Fwp%2Fv2%2Ftags&post=179234"}],"curies":[{"name":"wp","href":"https:\/\/api.w.org\/{rel}","templated":true}]}}