{"id":17927,"date":"2015-12-30T10:42:24","date_gmt":"2015-12-30T13:42:24","guid":{"rendered":"https:\/\/ocorreionews.com.br\/?p=17927"},"modified":"2015-12-30T10:42:24","modified_gmt":"2015-12-30T13:42:24","slug":"no-cti-menina-de-5-anos-com-dengue-hemorragica-precisa-de-sangue","status":"publish","type":"post","link":"https:\/\/www.ocorreionews.com.br\/acervo-correio\/?p=17927","title":{"rendered":"No CTI, menina de 5 anos com dengue hemorr\u00e1gica precisa de sangue"},"content":{"rendered":"<p>A fam\u00edlia de Vit\u00f3ria Mikaeli Ancel Arag\u00e3o, de 5 anos, est\u00e1 fazendo apelo por meio das redes sociais, solicitando doadores do tipo sangu\u00edneo AB negativo para a menina, que est\u00e1 internada no CTI (Centro de Terapia Intensivo) do Hospital Regional.<\/p>\n<p>Segundo a tia de Vit\u00f3ria, a cabeleireira Christiane Nascimento de Arruda, ela foi diagnosticada com dengue hemorr\u00e1gica na segunda-feira (28), j\u00e1 que come\u00e7ou a apresentar sangramentos na gengiva.<\/p>\n<p>Ela recebeu os primeiros atendimentos no Hospital Infantil S\u00e3o Lucas e vinha sendo monitorada h\u00e1 pelo menos quatro dias, realizando exames para acompanhar o n\u00edvel de plaquetas, que caiu drasticamente e segundo Christiane est\u00e1 abaixo de quatro mil.<\/p>\n<p>Com a piora do quadro de sa\u00fade na segunda-feira \u00e0 noite, a menina foi levada para o Hospital Regional, mas apenas nesta ter\u00e7a-feira (29) conseguiu receber a primeira bolsa de sangue. &#8220;Espero que as pessoas se sensibilizem e procurem os bancos de sangue para doar&#8221;, diz a tia da garota, que mora com a fam\u00edlia pr\u00f3ximo ao Jardim Aeroporto.<\/p>\n<p><strong>Aumento<\/strong> &#8211; Em entrevista, nesta segunda-feira, a gerente t\u00e9cnica do Hemosul, Marina Sawada, revelou que os estoques do banco de sangue havia aumentado ap\u00f3s crescer o n\u00famero de doadores que atenderam ao pedido da fam\u00edlia de um beb\u00ea de oito meses, tamb\u00e9m internado no Hospital Regional e diagnosticado com leucemia.<\/p>\n<p>No entanto, devido a car\u00eancia de alguns tipos de sangue, como o O negativo, o Hemosul mant\u00e9m o apelo aos doadores, que podem ir ao local at\u00e9 \u00e0s 17 horas desta quarta-feira. Ainda n\u00e3o h\u00e1 confirma\u00e7\u00e3o se o Hemosul ir\u00e1 atender nesta quinta-feira (31).<\/p>\n<p>O atendimento ser\u00e1 retomado no s\u00e1bado e as doa\u00e7\u00f5es poder\u00e3o ser feitas das 7 horas ao meio-dia.<\/p>\n<p>&nbsp;<\/p>\n<p>&nbsp;<\/p>\n<p>Campo Grande News<\/p>\n","protected":false},"excerpt":{"rendered":"<p>A fam\u00edlia de Vit\u00f3ria Mikaeli Ancel Arag\u00e3o, de 5 anos, est\u00e1 fazendo apelo por meio das redes sociais, solicitando doadores do tipo sangu\u00edneo AB negativo para a menina, que est\u00e1 internada no CTI (Centro de Terapia Intensivo) do Hospital Regional. Segundo a tia de Vit\u00f3ria, a cabeleireira Christiane Nascimento de Arruda, ela foi diagnosticada com [&hellip;]<\/p>\n","protected":false},"author":4,"featured_media":17928,"comment_status":"closed","ping_status":"closed","sticky":false,"template":"","format":"standard","meta":{"footnotes":""},"categories":[39],"tags":[],"class_list":["post-17927","post","type-post","status-publish","format-standard","has-post-thumbnail","hentry","category-saude"],"_links":{"self":[{"href":"https:\/\/www.ocorreionews.com.br\/acervo-correio\/index.php?rest_route=\/wp\/v2\/posts\/17927","targetHints":{"allow":["GET"]}}],"collection":[{"href":"https:\/\/www.ocorreionews.com.br\/acervo-correio\/index.php?rest_route=\/wp\/v2\/posts"}],"about":[{"href":"https:\/\/www.ocorreionews.com.br\/acervo-correio\/index.php?rest_route=\/wp\/v2\/types\/post"}],"author":[{"embeddable":true,"href":"https:\/\/www.ocorreionews.com.br\/acervo-correio\/index.php?rest_route=\/wp\/v2\/users\/4"}],"replies":[{"embeddable":true,"href":"https:\/\/www.ocorreionews.com.br\/acervo-correio\/index.php?rest_route=%2Fwp%2Fv2%2Fcomments&post=17927"}],"version-history":[{"count":0,"href":"https:\/\/www.ocorreionews.com.br\/acervo-correio\/index.php?rest_route=\/wp\/v2\/posts\/17927\/revisions"}],"wp:featuredmedia":[{"embeddable":true,"href":"https:\/\/www.ocorreionews.com.br\/acervo-correio\/index.php?rest_route=\/wp\/v2\/media\/17928"}],"wp:attachment":[{"href":"https:\/\/www.ocorreionews.com.br\/acervo-correio\/index.php?rest_route=%2Fwp%2Fv2%2Fmedia&parent=17927"}],"wp:term":[{"taxonomy":"category","embeddable":true,"href":"https:\/\/www.ocorreionews.com.br\/acervo-correio\/index.php?rest_route=%2Fwp%2Fv2%2Fcategories&post=17927"},{"taxonomy":"post_tag","embeddable":true,"href":"https:\/\/www.ocorreionews.com.br\/acervo-correio\/index.php?rest_route=%2Fwp%2Fv2%2Ftags&post=17927"}],"curies":[{"name":"wp","href":"https:\/\/api.w.org\/{rel}","templated":true}]}}