{"id":179295,"date":"2021-07-05T09:37:39","date_gmt":"2021-07-05T13:37:39","guid":{"rendered":"https:\/\/www.ocorreionews.com.br\/acervo-correio\/?p=179295"},"modified":"2021-07-05T09:37:39","modified_gmt":"2021-07-05T13:37:39","slug":"saiba-como-funcionam-as-bandeiras-tarifarias-da-energia-eletrica","status":"publish","type":"post","link":"https:\/\/www.ocorreionews.com.br\/acervo-correio\/?p=179295","title":{"rendered":"Saiba como funcionam as bandeiras tarif\u00e1rias da energia el\u00e9trica"},"content":{"rendered":"<p>An\u00fancios de aumento na conta de luz s\u00e3o sempre motivo de preocupa\u00e7\u00e3o. Desde 2015 que a Ag\u00eancia Nacional de Energia El\u00e9trica (Aneel) resolveu adotar o sistema de bandeiras na conta de luz, para o consumidor saber se est\u00e1 pagando o valor normal ou um valor a mais pela energia el\u00e9trica. As bandeiras tarif\u00e1rias refletem os custos vari\u00e1veis da gera\u00e7\u00e3o de energia el\u00e9trica.<\/p>\n<p>Elas s\u00e3o indicadoras do valor da energia &#8211; de quanto est\u00e1 custando para o Sistema Interligado Nacional (SIN) gerar a energia usada nas casas, nos estabelecimentos comerciais e nas ind\u00fastrias. Quando a conta de luz \u00e9 calculada pela bandeira verde, significa que a conta n\u00e3o sofre nenhum acr\u00e9scimo.<\/p>\n<p>A bandeira amarela significa que as condi\u00e7\u00f5es de gera\u00e7\u00e3o de energia n\u00e3o est\u00e3o favor\u00e1veis, e a conta sofre acr\u00e9scimo de R$ 1,874 por 100 kilowatt-hora (kWh) consumido. A bandeira vermelha mostra que est\u00e1 mais caro gerar energia naquele per\u00edodo. A bandeira vermelha \u00e9 dividida em dois patamares. No primeiro patamar, o valor adicional cobrado passa a ser proporcional ao consumo, na raz\u00e3o de R$ 3,971 por 100 kWh; o patamar 2 aplica a raz\u00e3o de R$ 9,492 por 100 kWh.<\/p>\n<p>\u201cCom as bandeiras tarif\u00e1rias, o consumidor ganha um papel mais ativo na defini\u00e7\u00e3o de sua conta de energia. Ao saber, por exemplo, que a bandeira est\u00e1 vermelha, o consumidor pode adaptar seu consumo e diminuir o valor da conta (ou, pelo menos, impedir que ele aumente)\u201d, explica a\u00a0<strong><a href=\"https:\/\/www.aneel.gov.br\/\" target=\"_blank\" rel=\"noopener\">Aneel em seu\u00a0<em>site<\/em><\/a><\/strong>.<\/p>\n<h2>Reajuste das bandeiras<\/h2>\n<p>Os valores das bandeiras foram\u00a0reajustados\u00a0no dia\u00a029 de junho. O aumento mais significativo foi o do patamar 2 da bandeira vermelha, o mais alto de todos. O aumento foi de 52%.<\/p>\n<p>Esse aumento, no entanto, n\u00e3o \u00e9 calculado em cima do valor total da conta de luz, e sim no acr\u00e9scimo gerado a cada 100 kWh\u00a0consumido. O reajuste das bandeiras provoca um impacto no valor final da conta de luz, segundo a Aneel, de 4,9%.<\/p>\n<h2>Por que a conta aumenta?<\/h2>\n<p>A usina hidrel\u00e9trica, que gera energia a partir da for\u00e7a da \u00e1gua nos reservat\u00f3rios, \u00e9 a mais barata e a primeira op\u00e7\u00e3o do SIN. Por isso, em \u00e9pocas de muita chuva e reservat\u00f3rios cheios, a bandeira tarif\u00e1ria costuma ser a verde, porque a energia est\u00e1 sendo produzida da maneira mais em conta.<\/p>\n<p>Em per\u00edodos de estiagem, quando o n\u00edvel dos reservat\u00f3rios diminui, \u00e9 necess\u00e1rio captar energia de outros tipos de usina, como as termel\u00e9tricas. Esse tipo de usina gera energia a partir de combust\u00edveis f\u00f3sseis, como diesel e g\u00e1s. Al\u00e9m de ser mais poluente, \u00e9 mais cara. Por isso, quando as termel\u00e9tricas s\u00e3o acionadas, o custo da gera\u00e7\u00e3o de energia aumenta e a bandeira tarif\u00e1ria muda.<\/p>\n<p>Quem faz a avalia\u00e7\u00e3o das condi\u00e7\u00f5es de gera\u00e7\u00e3o de energia no pa\u00eds \u00e9 o Operador Nacional do Sistema El\u00e9trico (ONS). \u00c9 ele que define a melhor estrat\u00e9gia de gera\u00e7\u00e3o de energia para atendimento da demanda. Ela define a previs\u00e3o de gera\u00e7\u00e3o hidr\u00e1ulica e t\u00e9rmica, al\u00e9m do pre\u00e7o de liquida\u00e7\u00e3o da energia no mercado de curto prazo.<\/p>\n<p>&nbsp;<\/p>\n<p>&nbsp;<\/p>\n<p>*Ag\u00eancia Brasil<\/p>\n","protected":false},"excerpt":{"rendered":"<p>An\u00fancios de aumento na conta de luz s\u00e3o sempre motivo de preocupa\u00e7\u00e3o. Desde 2015 que a Ag\u00eancia Nacional de Energia El\u00e9trica (Aneel) resolveu adotar o sistema de bandeiras na conta de luz, para o consumidor saber se est\u00e1 pagando o valor normal ou um valor a mais pela energia el\u00e9trica. As bandeiras tarif\u00e1rias refletem os [&hellip;]<\/p>\n","protected":false},"author":5,"featured_media":91043,"comment_status":"closed","ping_status":"closed","sticky":false,"template":"","format":"standard","meta":{"footnotes":""},"categories":[26],"tags":[],"class_list":["post-179295","post","type-post","status-publish","format-standard","has-post-thumbnail","hentry","category-economia"],"_links":{"self":[{"href":"https:\/\/www.ocorreionews.com.br\/acervo-correio\/index.php?rest_route=\/wp\/v2\/posts\/179295","targetHints":{"allow":["GET"]}}],"collection":[{"href":"https:\/\/www.ocorreionews.com.br\/acervo-correio\/index.php?rest_route=\/wp\/v2\/posts"}],"about":[{"href":"https:\/\/www.ocorreionews.com.br\/acervo-correio\/index.php?rest_route=\/wp\/v2\/types\/post"}],"author":[{"embeddable":true,"href":"https:\/\/www.ocorreionews.com.br\/acervo-correio\/index.php?rest_route=\/wp\/v2\/users\/5"}],"replies":[{"embeddable":true,"href":"https:\/\/www.ocorreionews.com.br\/acervo-correio\/index.php?rest_route=%2Fwp%2Fv2%2Fcomments&post=179295"}],"version-history":[{"count":1,"href":"https:\/\/www.ocorreionews.com.br\/acervo-correio\/index.php?rest_route=\/wp\/v2\/posts\/179295\/revisions"}],"predecessor-version":[{"id":179297,"href":"https:\/\/www.ocorreionews.com.br\/acervo-correio\/index.php?rest_route=\/wp\/v2\/posts\/179295\/revisions\/179297"}],"wp:featuredmedia":[{"embeddable":true,"href":"https:\/\/www.ocorreionews.com.br\/acervo-correio\/index.php?rest_route=\/wp\/v2\/media\/91043"}],"wp:attachment":[{"href":"https:\/\/www.ocorreionews.com.br\/acervo-correio\/index.php?rest_route=%2Fwp%2Fv2%2Fmedia&parent=179295"}],"wp:term":[{"taxonomy":"category","embeddable":true,"href":"https:\/\/www.ocorreionews.com.br\/acervo-correio\/index.php?rest_route=%2Fwp%2Fv2%2Fcategories&post=179295"},{"taxonomy":"post_tag","embeddable":true,"href":"https:\/\/www.ocorreionews.com.br\/acervo-correio\/index.php?rest_route=%2Fwp%2Fv2%2Ftags&post=179295"}],"curies":[{"name":"wp","href":"https:\/\/api.w.org\/{rel}","templated":true}]}}