{"id":17934,"date":"2015-12-30T11:03:58","date_gmt":"2015-12-30T14:03:58","guid":{"rendered":"https:\/\/ocorreionews.com.br\/?p=17934"},"modified":"2015-12-30T11:05:05","modified_gmt":"2015-12-30T14:05:05","slug":"ipva-2016-tem-aliquotas-e-tabela-com-valor-de-calculo-divulgadas-em-ms","status":"publish","type":"post","link":"https:\/\/www.ocorreionews.com.br\/acervo-correio\/?p=17934","title":{"rendered":"IPVA 2016 tem al\u00edquotas e tabela com valor de c\u00e1lculo divulgadas em MS"},"content":{"rendered":"<p>Tabela com o valor fixado como base de c\u00e1lculo do Imposto sobre a Propriedade de Ve\u00edculos Automotores (IPVA) em Mato Grosso do Sul, relativo ao exerc\u00edcio de 2016, foi publicada nesta ter\u00e7a-feira (17) no Di\u00e1rio Oficial do Estado. A publica\u00e7\u00e3o traz ainda prazos para o pagamento.<\/p>\n<p>Conforme o decreto, \u00e9 poss\u00edvel fazer o pagamento do IPVA \u00e0 vista com desconto de 15%, at\u00e9 o dia 29 de janeiro de 2016, ou em at\u00e9 cinco parcelas iguais, sem desconto. Nesse caso, as datas de vencimento ser\u00e3o: 29 de janeiro, 29 de fevereiro, 31 de mar\u00e7o, 29 de abril e 31 de maio de 2016, respectivamente.<\/p>\n<div class=\"tabela-materia componente_materia\">\n<table>\n<thead>\n<tr>\n<th colspan=\"2\">TABELA DE VENCIMENTOS DO IPVA 2016<\/th>\n<\/tr>\n<\/thead>\n<tbody>\n<tr>\n<td><strong>Cota \u00fanica (com desconto de 15%) ou 1\u00aa parcela<\/strong><\/td>\n<td>29\/jan\/2016<\/td>\n<\/tr>\n<tr>\n<td><strong>2\u00aa parcela<\/strong><\/td>\n<td>29\/fev\/2016<\/td>\n<\/tr>\n<tr>\n<td><strong>3\u00aa parcela<\/strong><\/td>\n<td>31\/mar\/2016<\/td>\n<\/tr>\n<tr>\n<td><strong>4\u00aa parcela<\/strong><\/td>\n<td>29\/abr\/2016<\/td>\n<\/tr>\n<tr>\n<td><strong>5\u00aa parcela<\/strong><\/td>\n<td>31\/mai\/2016<\/td>\n<\/tr>\n<\/tbody>\n<\/table>\n<\/div>\n<p>O valor de cada parcela n\u00e3o pode ser inferior a R$ 30, no caso de ve\u00edculos de duas rodas, e R$ 55 para os demais tipos de ve\u00edculos. Em caso de atraso, haver\u00e1 juros de mora e multa.<\/p>\n<p>De acordo com a Secretaria Estadual de Fazenda (Sefaz), a cobran\u00e7a do IPVA \u00e9 calculada sobre os pre\u00e7os m\u00e9dios de mercado do autom\u00f3vel usado (valor venal) multiplicado por sua al\u00edquota. O valor de mercado \u00e9 avaliado pela tabela da Funda\u00e7\u00e3o Instituto de Pesquisas Econ\u00f4micas (Fipe).<\/p>\n<p><a href=\"https:\/\/ww1.imprensaoficial.ms.gov.br\/pdf\/supplements\/DO9046_17_11_2015_SUP01.pdf\" target=\"_blank\">Veja tabela com os pre\u00e7os m\u00e9dios de mercado dos ve\u00edculos publicada no suplemento do Di\u00e1rio Oficial do Estado<\/a>.<\/p>\n<p><em>Veja exemplo de como calcular o valor do imposto:<br \/>\nValor venal do ve\u00edculo: (exemplo: R$ 24.836)<br \/>\nAl\u00edquota: 3,5%<br \/>\nC\u00e1lculo: 24.836 x 0,035 (R$ 869,26 \u00e9 o valor que ser\u00e1 cobrado no IPVA)<\/em><\/p>\n<p><strong>Al\u00edquotas<\/strong><br \/>\nDecreto publicado no Di\u00e1rio Oficial do Estado desta ter\u00e7a-feira traz as novas al\u00edquotas do IPVA (<a href=\"https:\/\/ww1.imprensaoficial.ms.gov.br\/pdf\/DO9046_17_11_2015.pdf\" target=\"_blank\">veja decretos, na p\u00e1gina 3<\/a>). Segundo o governo do estado, a al\u00edquota para autom\u00f3vel (carro de passeio), camionete, camioneta de uso misto e utilit\u00e1rio passou de 2,5% para 3,5%. Para ciclomotor, motocicleta, triciclo e quadriciclo, continua em 2%; caminh\u00f5es com qualquer capacidade de carga, \u00f4nibus ou micro-\u00f4nibus para transporte coletivo de passageiros tiveram as al\u00edquotas reajustadas de 1,5% para 2%.<\/p>\n<p>Para autom\u00f3veis de oito lugares movidos a diesel, a al\u00edquota fica em 4,5%. No caso dos frotistas \u2013 que possuem mais de 30 ve\u00edculos \u2013 a al\u00edquota \u00e9 de 1,5% para motos; 2% para autom\u00f3veis, carros de passeio e utilit\u00e1rios; 3% para autom\u00f3veis de oito lugares movidos a diesel; e 1% para caminh\u00f5es e \u00f4nibus.<\/p>\n<p>A publica\u00e7\u00e3o informa ainda que os carros mant\u00eam a isen\u00e7\u00e3o total no primeiro ano e motos 50% de isen\u00e7\u00e3o, tamb\u00e9m no primeiro ano.<\/p>\n<p>&nbsp;<\/p>\n<p>&nbsp;<\/p>\n<p>G1 MS<\/p>\n","protected":false},"excerpt":{"rendered":"<p>Tabela com o valor fixado como base de c\u00e1lculo do Imposto sobre a Propriedade de Ve\u00edculos Automotores (IPVA) em Mato Grosso do Sul, relativo ao exerc\u00edcio de 2016, foi publicada nesta ter\u00e7a-feira (17) no Di\u00e1rio Oficial do Estado. A publica\u00e7\u00e3o traz ainda prazos para o pagamento. Conforme o decreto, \u00e9 poss\u00edvel fazer o pagamento do [&hellip;]<\/p>\n","protected":false},"author":4,"featured_media":17935,"comment_status":"closed","ping_status":"closed","sticky":false,"template":"","format":"standard","meta":{"footnotes":""},"categories":[26],"tags":[],"class_list":["post-17934","post","type-post","status-publish","format-standard","has-post-thumbnail","hentry","category-economia"],"_links":{"self":[{"href":"https:\/\/www.ocorreionews.com.br\/acervo-correio\/index.php?rest_route=\/wp\/v2\/posts\/17934","targetHints":{"allow":["GET"]}}],"collection":[{"href":"https:\/\/www.ocorreionews.com.br\/acervo-correio\/index.php?rest_route=\/wp\/v2\/posts"}],"about":[{"href":"https:\/\/www.ocorreionews.com.br\/acervo-correio\/index.php?rest_route=\/wp\/v2\/types\/post"}],"author":[{"embeddable":true,"href":"https:\/\/www.ocorreionews.com.br\/acervo-correio\/index.php?rest_route=\/wp\/v2\/users\/4"}],"replies":[{"embeddable":true,"href":"https:\/\/www.ocorreionews.com.br\/acervo-correio\/index.php?rest_route=%2Fwp%2Fv2%2Fcomments&post=17934"}],"version-history":[{"count":0,"href":"https:\/\/www.ocorreionews.com.br\/acervo-correio\/index.php?rest_route=\/wp\/v2\/posts\/17934\/revisions"}],"wp:featuredmedia":[{"embeddable":true,"href":"https:\/\/www.ocorreionews.com.br\/acervo-correio\/index.php?rest_route=\/wp\/v2\/media\/17935"}],"wp:attachment":[{"href":"https:\/\/www.ocorreionews.com.br\/acervo-correio\/index.php?rest_route=%2Fwp%2Fv2%2Fmedia&parent=17934"}],"wp:term":[{"taxonomy":"category","embeddable":true,"href":"https:\/\/www.ocorreionews.com.br\/acervo-correio\/index.php?rest_route=%2Fwp%2Fv2%2Fcategories&post=17934"},{"taxonomy":"post_tag","embeddable":true,"href":"https:\/\/www.ocorreionews.com.br\/acervo-correio\/index.php?rest_route=%2Fwp%2Fv2%2Ftags&post=17934"}],"curies":[{"name":"wp","href":"https:\/\/api.w.org\/{rel}","templated":true}]}}