{"id":17937,"date":"2015-12-30T13:28:13","date_gmt":"2015-12-30T16:28:13","guid":{"rendered":"https:\/\/ocorreionews.com.br\/?p=17937"},"modified":"2015-12-30T13:28:13","modified_gmt":"2015-12-30T16:28:13","slug":"cirurgia-de-alzheimer-feita-na-paraiba-freia-evolucao-do-mal-e-recupera-memoria","status":"publish","type":"post","link":"https:\/\/www.ocorreionews.com.br\/acervo-correio\/?p=17937","title":{"rendered":"Cirurgia de Alzheimer feita na Para\u00edba freia evolu\u00e7\u00e3o do mal e recupera mem\u00f3ria"},"content":{"rendered":"<p style=\"text-align: justify;\">Pela primeira vez, na Para\u00edba, foi realizada a \u2018estimula\u00e7\u00e3o cerebral profunda\u2019 em paciente com mal de Alzheimer. A cirurgia \u00e9 capaz de frear a evolu\u00e7\u00e3o da doen\u00e7a e recuperar as fun\u00e7\u00f5es da mem\u00f3ria quando o problema est\u00e1 em est\u00e1gio inicial. A interven\u00e7\u00e3o aconteceu no dia 11 de dezembro, no Hospital Napole\u00e3o Laureano, em um paciente de 77 anos. Estima-se, no Brasil, 1 milh\u00e3o e 200 mil pessoas com Alzheimer.<\/p>\n<p>De acordo com o neurocirurgi\u00e3o Rodrigo Marmo, que realizou a cirurgia, a melhora da fun\u00e7\u00e3o da mem\u00f3ria \u00e9 comprovada e tem se mostrado em resson\u00e2ncias realizadas nos pacientes um ano depois da opera\u00e7\u00e3o. \u201cH\u00e1 um aumento do volume do hipocampo, que \u00e9 a parte do c\u00e9rebro que controla a mem\u00f3ria\u201d, observou. Os m\u00e9dicos tamb\u00e9m se baseiam num exame chamado PET-Scan, que mede o metabolismo cerebral. Ele se modifica ap\u00f3s a cirurgia no paciente com Alzheimer, e \u00e1reas da mem\u00f3ria que estavam com pouco metabolismo se tornam mais \u2018quentes\u2019, segundo o especialista.<\/p>\n<p>Antes do paciente se submeter \u00e0 cirurgia, a fam\u00edlia at\u00e9 pensou em ir para o Canad\u00e1, mas o m\u00e9dico explicou que ela poderia ser feita aqui e, ap\u00f3s todos os exames necess\u00e1rios, realizou o procedimento. O idoso estava perdendo a mem\u00f3ria e a medica\u00e7\u00e3o que tomava h\u00e1 um ano e meio fazia pouco efeito.<\/p>\n<p>A fam\u00edlia preferiu n\u00e3o identificar o paciente, mas a esposa dele afirmou que, ao saber da possibilidade da cirurgia, todos ficaram entusiasmados. \u201cT\u00ednhamos a op\u00e7\u00e3o de investir na cirurgia, cujos benef\u00edcios ainda n\u00e3o podemos ver, ou fic\u00e1vamos na administra\u00e7\u00e3o normal da medica\u00e7\u00e3o sem saber o destino. Optamos por lutar pela cirurgia. Fomos \u00e0 Justi\u00e7a e conseguimos que fosse realizada\u201d, comemorou.<\/p>\n<p><strong>Resultados.<\/strong> O paciente paraibano foi operado na manh\u00e3 da sexta-feira e recebeu alta no domingo, sem intercorr\u00eancia neurol\u00f3gica. A melhora \u00e9 progressiva, mas s\u00f3 ap\u00f3s 30 dias \u00e9 poss\u00edvel perceber alguma evolu\u00e7\u00e3o. \u201cAcho que o grande desafio foi o fato de ter sido uma primeira cirurgia desse porte no Brasil\u201d, destacou o neurocirurgi\u00e3o Rodrigo Marmo.<\/p>\n<div style=\"text-align: justify;\"><b>Casos podem ser prevenidos<\/b><\/p>\n<div>\n<div>\u00c9 poss\u00edvel prevenir o mal de Alzheimer em alguns casos. O neurocirurgi\u00e3o Rodrigo Marmo explicou que existe o fator gen\u00e9tico, que influencia e n\u00e3o \u00e9 modific\u00e1vel, e h\u00e1 os modific\u00e1veis. Pacientes que t\u00eam um grau de escolaridade maior, que t\u00eam mais leitura, que trabalham mais a mente de alguma forma, at\u00e9 com palavra cruzada, t\u00eam menos Alzheimer dos que os pacientes com baixa escolaridade.<\/div>\n<div>\u201cIsso \u00e9 evid\u00eancia. Previne Alzheimer e retarda em quem tem a doen\u00e7a. Essa \u00e9 a principal forma de prevenir, al\u00e9m de ter h\u00e1bitos de vida saud\u00e1veis, como praticar atividade f\u00edsica, ter um bom relacionamento familiar, com os colegas, participar de grupos de igrejas, encontros de casais. Isso tudo retarda a evolu\u00e7\u00e3o do Alzheimer, comprovadamente\u201d, disse o m\u00e9dico.<\/div>\n<div>Pacientes depressivos, segundo ele, t\u00eam mais tend\u00eancia a evoluir para doen\u00e7a de Alzheimer. \u201cTemos que fazer o diagn\u00f3stico diferencial. Quando um paciente chega com perda de mem\u00f3ria \u00e9 suspeita de Alzheimer. Para confirmar, tem que afastar outras coisas\u201d, destacou o neurocirurgi\u00e3o.<\/div>\n<\/div>\n<div><b>Fase inicial:<\/b><\/div>\n<div>Lapsos na mem\u00f3ria recente;<\/p>\n<div>Mudan\u00e7as de comportamento (o introvertido fica falante e vice-versa);<\/div>\n<div>Senso de dire\u00e7\u00e3o comprometido;<\/div>\n<div>Atitude mais agressiva que o normal;<\/div>\n<div>Dificuldade de fixar novas informa\u00e7\u00f5es;<\/div>\n<div>Teimosia: diz que n\u00e3o h\u00e1 nada errado com ele.<\/div>\n<\/div>\n<p><b>Fase intermedi\u00e1ria:<\/b><\/div>\n<div style=\"text-align: justify;\">\n<div>Perda de mem\u00f3ria se intensifica;<\/div>\n<div>Repeti\u00e7\u00e3o infinita de informa\u00e7\u00f5es;<\/div>\n<div>Depend\u00eancia f\u00edsica para desempenhar atividades simples;<\/div>\n<div>Se tornam penosas ou perigosas;<\/div>\n<div>Estranhamento da pr\u00f3pria casa e dos pertences;<\/div>\n<div>Altern\u00e2ncia de momentos de lucidez e confus\u00e3o mental;<\/div>\n<div>Estresse, depress\u00e3o e agressividade ao ser contrariado;<\/div>\n<div>Esquecimento de palavras \u00f3bvias. Vocabul\u00e1rio prejudicado.<\/div>\n<\/div>\n<div style=\"text-align: justify;\"><b>Fase avan\u00e7ada:<\/b><\/div>\n<div style=\"text-align: justify;\">Depend\u00eancia f\u00edsica total;<\/div>\n<p style=\"text-align: justify;\">O paciente n\u00e3o anda e quase n\u00e3o fala;<\/p>\n<p style=\"text-align: justify;\">N\u00e3o reconhece ningu\u00e9m, nem a si mesmo;<\/p>\n<div style=\"text-align: justify;\">Aparecimento de feridas, pneumonia, infec\u00e7\u00f5es e problemas de circula\u00e7\u00e3o;<\/div>\n<div style=\"text-align: justify;\">A degluti\u00e7\u00e3o fica prejudicada.<\/div>\n","protected":false},"excerpt":{"rendered":"<p>Pela primeira vez, na Para\u00edba, foi realizada a \u2018estimula\u00e7\u00e3o cerebral profunda\u2019 em paciente com mal de Alzheimer. A cirurgia \u00e9 capaz de frear a evolu\u00e7\u00e3o da doen\u00e7a e recuperar as fun\u00e7\u00f5es da mem\u00f3ria quando o problema est\u00e1 em est\u00e1gio inicial. A interven\u00e7\u00e3o aconteceu no dia 11 de dezembro, no Hospital Napole\u00e3o Laureano, em um paciente [&hellip;]<\/p>\n","protected":false},"author":4,"featured_media":17938,"comment_status":"closed","ping_status":"closed","sticky":false,"template":"","format":"standard","meta":{"footnotes":""},"categories":[39],"tags":[],"class_list":["post-17937","post","type-post","status-publish","format-standard","has-post-thumbnail","hentry","category-saude"],"_links":{"self":[{"href":"https:\/\/www.ocorreionews.com.br\/acervo-correio\/index.php?rest_route=\/wp\/v2\/posts\/17937","targetHints":{"allow":["GET"]}}],"collection":[{"href":"https:\/\/www.ocorreionews.com.br\/acervo-correio\/index.php?rest_route=\/wp\/v2\/posts"}],"about":[{"href":"https:\/\/www.ocorreionews.com.br\/acervo-correio\/index.php?rest_route=\/wp\/v2\/types\/post"}],"author":[{"embeddable":true,"href":"https:\/\/www.ocorreionews.com.br\/acervo-correio\/index.php?rest_route=\/wp\/v2\/users\/4"}],"replies":[{"embeddable":true,"href":"https:\/\/www.ocorreionews.com.br\/acervo-correio\/index.php?rest_route=%2Fwp%2Fv2%2Fcomments&post=17937"}],"version-history":[{"count":0,"href":"https:\/\/www.ocorreionews.com.br\/acervo-correio\/index.php?rest_route=\/wp\/v2\/posts\/17937\/revisions"}],"wp:featuredmedia":[{"embeddable":true,"href":"https:\/\/www.ocorreionews.com.br\/acervo-correio\/index.php?rest_route=\/wp\/v2\/media\/17938"}],"wp:attachment":[{"href":"https:\/\/www.ocorreionews.com.br\/acervo-correio\/index.php?rest_route=%2Fwp%2Fv2%2Fmedia&parent=17937"}],"wp:term":[{"taxonomy":"category","embeddable":true,"href":"https:\/\/www.ocorreionews.com.br\/acervo-correio\/index.php?rest_route=%2Fwp%2Fv2%2Fcategories&post=17937"},{"taxonomy":"post_tag","embeddable":true,"href":"https:\/\/www.ocorreionews.com.br\/acervo-correio\/index.php?rest_route=%2Fwp%2Fv2%2Ftags&post=17937"}],"curies":[{"name":"wp","href":"https:\/\/api.w.org\/{rel}","templated":true}]}}