{"id":17947,"date":"2015-12-31T06:50:40","date_gmt":"2015-12-31T09:50:40","guid":{"rendered":"https:\/\/ocorreionews.com.br\/?p=17947"},"modified":"2015-12-31T07:06:52","modified_gmt":"2015-12-31T10:06:52","slug":"familia-de-chapadao-do-sul-envolveu-em-acidente-em-sao-paulo","status":"publish","type":"post","link":"https:\/\/www.ocorreionews.com.br\/acervo-correio\/?p=17947","title":{"rendered":"Familia de Chapad\u00e3o do Sul envolveu em acidente no interior de  S\u00e3o Paulo"},"content":{"rendered":"<p>Um homem de 45 anos morreu na tarde desta quarta-feira (30) ao ser atropelado por uma caminhonete dentro do p\u00e1tio de um posto de combust\u00edveis, localizado \u00e0s margens da Rodovia General Euclides de Oliveira Figueiredo, a Rodovia da Integra\u00e7\u00e3o, em Dracena (SP). A caminhonete pertence a Ipenor Jos\u00e9 Salvi,\u00a0 funcion\u00e1rio aposentado do Banco do Brasil de Chapad\u00e3o do Sul.\u00a0 Ainda n\u00e3o h\u00e1 muitas informa\u00e7\u00f5es\u00a0 sobre as circunst\u00e2ncias do acidente, mas a imprensa de S\u00e3o Paulo j\u00e1 noticiou a trag\u00e9dia.<\/p>\n<p>Segundo o jornalismo da TV Fronteira a esposa de Ipenor era quem dirigia a caminhonete no momento do acidente.<\/p>\n<p>De acordo com informa\u00e7\u00f5es do Corpo de Bombeiros, uma mulher manobrava o ve\u00edculo quando perdeu o controle da caminhonete Chevrolet Trailblazer, com placas de Chapad\u00e3o do Sul (MS), e subiu as escadas de uma churrascaria do local, que fica na altura do km 128 da rodovia, atingindo um morador da cidade de Guararapes (SP), por volta das 12h30. A v\u00edtima teve fraturas expostas nos bra\u00e7os e nas pernas e amassamento no t\u00f3rax, ap\u00f3s ser prensada contra a parede.<\/p>\n<p>O homem chegou a ser levado em estado grave para o pronto-socorro da Santa Casa de Dracena, onde entrou com parada card\u00edaca, segundo os bombeiros. O cl\u00ednico geral Rafael Ant\u00f4nio Pilon atendeu a v\u00edtima e disse que ela j\u00e1 estava sem atividade respirat\u00f3ria. O \u00f3bito foi registrado \u00e0s 13h25 desta quarta-feira (30).<\/p>\n<p><a href=\"https:\/\/ocorreionews.com.br\/wp-content\/uploads\/2015\/12\/ipneior2.jpg\" rel=\"attachment wp-att-17952\"><img loading=\"lazy\" decoding=\"async\" class=\"alignnone wp-image-17952 size-medium\" src=\"https:\/\/ocorreionews.com.br\/wp-content\/uploads\/2015\/12\/ipneior2-300x225.jpg\" alt=\"ipneior2\" width=\"300\" height=\"225\" srcset=\"https:\/\/www.ocorreionews.com.br\/acervo-correio\/wp-content\/uploads\/2015\/12\/ipneior2-300x225.jpg 300w, https:\/\/www.ocorreionews.com.br\/acervo-correio\/wp-content\/uploads\/2015\/12\/ipneior2-100x75.jpg 100w, https:\/\/www.ocorreionews.com.br\/acervo-correio\/wp-content\/uploads\/2015\/12\/ipneior2.jpg 620w\" sizes=\"auto, (max-width: 300px) 100vw, 300px\" \/><\/a><\/p>\n<p>Segundo o Boletim de Ocorr\u00eancia registrado na Pol\u00edcia Civil, a aposentada de 63 anos, que conduzia a caminhonete, entrava no posto quando um carro n\u00e3o identificado passou \u00e0 sua frente e ela se assustou. Com o ocorrido, a motorista confundiu os pedais, pisou no acelerador e invadiu a \u00e1rea de pedestres da churrascaria do local. O homem atingido ficou prensado entre o para-choque dianteiro da caminhonete e a parede do lado direito da porta externa do restaurante.<\/p>\n<p>A aposentada foi submetida ao teste do baf\u00f4metro, que deu negativo, prestou depoimento na Delegacia da Pol\u00edcia Civil de Dracena e foi liberada em seguida. Ela responder\u00e1 em liberdade por homic\u00eddio culposo, quando n\u00e3o h\u00e1 inten\u00e7\u00e3o de matar.<\/p>\n<p>No ve\u00edculo, tamb\u00e9m estava o marido da aposentada. Ambos n\u00e3o tiveram ferimentos.<\/p>\n<p>Segundo o Boletim de Ocorr\u00eancia registrado na Pol\u00edcia Civil, a condutora da caminhonete entrava no posto quando um carro n\u00e3o identificado passou \u00e0 sua frente, fazendo com ela perdesse o controle da dire\u00e7\u00e3o. Ela se assustou e trocou os pedais, pisando no acelerador. Amigos de Ipenor tentaram falar com ele na tarde de hoje, mas o casal ainda est\u00e1 muito abalado para falar sobre o ocorrido.<span class=\"adr\"><span class=\"locality\">Do G1 Presidente Prudente<\/span><\/span><\/p>\n","protected":false},"excerpt":{"rendered":"<p>Um homem de 45 anos morreu na tarde desta quarta-feira (30) ao ser atropelado por uma caminhonete dentro do p\u00e1tio de um posto de combust\u00edveis, localizado \u00e0s margens da Rodovia General Euclides de Oliveira Figueiredo, a Rodovia da Integra\u00e7\u00e3o, em Dracena (SP). A caminhonete pertence a Ipenor Jos\u00e9 Salvi,\u00a0 funcion\u00e1rio aposentado do Banco do Brasil [&hellip;]<\/p>\n","protected":false},"author":4,"featured_media":17948,"comment_status":"closed","ping_status":"closed","sticky":false,"template":"","format":"standard","meta":{"footnotes":""},"categories":[38],"tags":[],"class_list":["post-17947","post","type-post","status-publish","format-standard","has-post-thumbnail","hentry","category-policia"],"_links":{"self":[{"href":"https:\/\/www.ocorreionews.com.br\/acervo-correio\/index.php?rest_route=\/wp\/v2\/posts\/17947","targetHints":{"allow":["GET"]}}],"collection":[{"href":"https:\/\/www.ocorreionews.com.br\/acervo-correio\/index.php?rest_route=\/wp\/v2\/posts"}],"about":[{"href":"https:\/\/www.ocorreionews.com.br\/acervo-correio\/index.php?rest_route=\/wp\/v2\/types\/post"}],"author":[{"embeddable":true,"href":"https:\/\/www.ocorreionews.com.br\/acervo-correio\/index.php?rest_route=\/wp\/v2\/users\/4"}],"replies":[{"embeddable":true,"href":"https:\/\/www.ocorreionews.com.br\/acervo-correio\/index.php?rest_route=%2Fwp%2Fv2%2Fcomments&post=17947"}],"version-history":[{"count":0,"href":"https:\/\/www.ocorreionews.com.br\/acervo-correio\/index.php?rest_route=\/wp\/v2\/posts\/17947\/revisions"}],"wp:featuredmedia":[{"embeddable":true,"href":"https:\/\/www.ocorreionews.com.br\/acervo-correio\/index.php?rest_route=\/wp\/v2\/media\/17948"}],"wp:attachment":[{"href":"https:\/\/www.ocorreionews.com.br\/acervo-correio\/index.php?rest_route=%2Fwp%2Fv2%2Fmedia&parent=17947"}],"wp:term":[{"taxonomy":"category","embeddable":true,"href":"https:\/\/www.ocorreionews.com.br\/acervo-correio\/index.php?rest_route=%2Fwp%2Fv2%2Fcategories&post=17947"},{"taxonomy":"post_tag","embeddable":true,"href":"https:\/\/www.ocorreionews.com.br\/acervo-correio\/index.php?rest_route=%2Fwp%2Fv2%2Ftags&post=17947"}],"curies":[{"name":"wp","href":"https:\/\/api.w.org\/{rel}","templated":true}]}}