{"id":17955,"date":"2015-12-31T07:13:19","date_gmt":"2015-12-31T10:13:19","guid":{"rendered":"https:\/\/ocorreionews.com.br\/?p=17955"},"modified":"2015-12-31T07:13:19","modified_gmt":"2015-12-31T10:13:19","slug":"banda-kapital-anima-o-reveillon-de-costa-rica","status":"publish","type":"post","link":"https:\/\/www.ocorreionews.com.br\/acervo-correio\/?p=17955","title":{"rendered":"Banda Kapital anima o R\u00e9veillon de Costa Rica"},"content":{"rendered":"<div>O prefeito de Costa Rica \u2013 MS, Waldeli dos Santos Rosa, convida toda a popula\u00e7\u00e3o e a regi\u00e3o para participar do R\u00e9veillon que ser\u00e1 realizado nesta quinta-feira a partir das 20h, no Centro de Eventos Ramez Tebet.<\/div>\n<div><\/div>\n<div>O evento \u00e9 realizado pelo Governo de Costa Rica por meio das Secretarias Municipais.<\/div>\n<div><\/div>\n<div>A anima\u00e7\u00e3o \u00e9 por conta da Banda Kapital e a meia-noite acontecer\u00e1 uma grandiosa queima de fogos. O intuito \u00e9 levar centenas de pessoas ao Centro de Eventos Ramez Tebet para celebrar a chegada de 2016.<\/div>\n<div><\/div>\n<div>Waldeli faz um convite especial para a popula\u00e7\u00e3o, \u201cparticipem conosco ser\u00e1 um momento memor\u00e1vel para comemorar a chegada do novo ano. Com a chegada de 2016 devemos tra\u00e7ar novos sonhos para assim realizar no ano que se inicia&#8221;.<\/div>\n<div><\/div>\n<div>A Comiss\u00e3o Organizadora do evento destaca que tudo est\u00e1 sendo preparado com muito carinho para receber a popula\u00e7\u00e3o e visitantes.<\/div>\n","protected":false},"excerpt":{"rendered":"<p>O prefeito de Costa Rica \u2013 MS, Waldeli dos Santos Rosa, convida toda a popula\u00e7\u00e3o e a regi\u00e3o para participar do R\u00e9veillon que ser\u00e1 realizado nesta quinta-feira a partir das 20h, no Centro de Eventos Ramez Tebet. O evento \u00e9 realizado pelo Governo de Costa Rica por meio das Secretarias Municipais. A anima\u00e7\u00e3o \u00e9 por [&hellip;]<\/p>\n","protected":false},"author":4,"featured_media":17956,"comment_status":"closed","ping_status":"closed","sticky":false,"template":"","format":"standard","meta":{"footnotes":""},"categories":[25],"tags":[],"class_list":["post-17955","post","type-post","status-publish","format-standard","has-post-thumbnail","hentry","category-costa-rica"],"_links":{"self":[{"href":"https:\/\/www.ocorreionews.com.br\/acervo-correio\/index.php?rest_route=\/wp\/v2\/posts\/17955","targetHints":{"allow":["GET"]}}],"collection":[{"href":"https:\/\/www.ocorreionews.com.br\/acervo-correio\/index.php?rest_route=\/wp\/v2\/posts"}],"about":[{"href":"https:\/\/www.ocorreionews.com.br\/acervo-correio\/index.php?rest_route=\/wp\/v2\/types\/post"}],"author":[{"embeddable":true,"href":"https:\/\/www.ocorreionews.com.br\/acervo-correio\/index.php?rest_route=\/wp\/v2\/users\/4"}],"replies":[{"embeddable":true,"href":"https:\/\/www.ocorreionews.com.br\/acervo-correio\/index.php?rest_route=%2Fwp%2Fv2%2Fcomments&post=17955"}],"version-history":[{"count":0,"href":"https:\/\/www.ocorreionews.com.br\/acervo-correio\/index.php?rest_route=\/wp\/v2\/posts\/17955\/revisions"}],"wp:featuredmedia":[{"embeddable":true,"href":"https:\/\/www.ocorreionews.com.br\/acervo-correio\/index.php?rest_route=\/wp\/v2\/media\/17956"}],"wp:attachment":[{"href":"https:\/\/www.ocorreionews.com.br\/acervo-correio\/index.php?rest_route=%2Fwp%2Fv2%2Fmedia&parent=17955"}],"wp:term":[{"taxonomy":"category","embeddable":true,"href":"https:\/\/www.ocorreionews.com.br\/acervo-correio\/index.php?rest_route=%2Fwp%2Fv2%2Fcategories&post=17955"},{"taxonomy":"post_tag","embeddable":true,"href":"https:\/\/www.ocorreionews.com.br\/acervo-correio\/index.php?rest_route=%2Fwp%2Fv2%2Ftags&post=17955"}],"curies":[{"name":"wp","href":"https:\/\/api.w.org\/{rel}","templated":true}]}}