{"id":17974,"date":"2015-12-31T09:30:45","date_gmt":"2015-12-31T12:30:45","guid":{"rendered":"https:\/\/ocorreionews.com.br\/?p=17974"},"modified":"2015-12-31T09:30:45","modified_gmt":"2015-12-31T12:30:45","slug":"gto-faz-barreira-proximo-a-divisa-com-mt-e-go-e-prende-duas-mulheres-por-de-trafico-de-drogas","status":"publish","type":"post","link":"https:\/\/www.ocorreionews.com.br\/acervo-correio\/?p=17974","title":{"rendered":"GTO faz barreira pr\u00f3ximo \u00e0 divisa com MT e GO e prende duas mulheres por de tr\u00e1fico de drogas"},"content":{"rendered":"<p>Na tarde desta ter\u00e7a-feira, por volta das 17h30min., o GTO (Grupo de Opera\u00e7\u00f5es T\u00e1ticas) estava fazendo uma barreira policial pr\u00f3ximo a divisa com o Estado de MT e GO quando abordaram um ve\u00edculo Gol, cor prata, com seis ocupantes, todas mulheres, dentre elas somente duas eram maiores de idade.<\/p>\n<p>A motorista do ve\u00edculo quando viu a barreira fez uma manobra e retornou, chamando aten\u00e7\u00e3o dos policiais que foram em dire\u00e7\u00e3o do ve\u00edculo, a mulher tentou fugir, mas, logo a frente parou o ve\u00edculo.\u00a0A motorista contou que estavam vindo da cidade de Mineiros\/GO e que antes tinham passado em uma fazenda naquela regi\u00e3o.<\/p>\n<p>No momento em que foram abordadas os policiais viram um cigarro de maconha apagado no assoalho do ve\u00edculo, e numa busca mais minuciosa foram encontradas v\u00e1rias \u201cparadinhas\u201d de maconha nas bolsas e com uma das menores foi encontrado uma por\u00e7\u00e3o de maconha escondida no suti\u00e3 e no momento da revista na delegacia a droga caiu no ch\u00e3o. Todas as envolvidas residem na cidade de Mineiros\/GO e elas teriam dito que estavam vindo para Costa Rica\/MS para participar das festas de final de ano. As meninas menores de idade n\u00e3o tinham autoriza\u00e7\u00e3o dos pais para viajar, duas delas tem 14 anos e as outras duas tem 16.<\/p>\n<p>S.S.C., 20 anos e S.A.R.M., 22 anos, foram autuadas em flagrante pelos crimes de Tr\u00e1fico de Drogas, Associa\u00e7\u00e3o para o Tr\u00e1fico e Corrup\u00e7\u00e3o de Menores, as duas est\u00e3o recolhidas nas celas da delegacia de policia civil de Costa Rica\/MS. As adolescentes foram encaminhadas \u00e0 cidade de Mineiros\/GO, pelo Conselho Tutelar.<\/p>\n<p>Foram apreendias 13 \u201cparadinhas\u201d de maconha, celulares e o ve\u00edculo Gol, cor prata.<\/p>\n<p>Participaram da pris\u00e3o o policial civil N\u00e9lio e o policial militar Kelcio.<\/p>\n<p>&nbsp;<\/p>\n<p>&nbsp;<\/p>\n<p>Eu Conto Tudo<\/p>\n","protected":false},"excerpt":{"rendered":"<p>Na tarde desta ter\u00e7a-feira, por volta das 17h30min., o GTO (Grupo de Opera\u00e7\u00f5es T\u00e1ticas) estava fazendo uma barreira policial pr\u00f3ximo a divisa com o Estado de MT e GO quando abordaram um ve\u00edculo Gol, cor prata, com seis ocupantes, todas mulheres, dentre elas somente duas eram maiores de idade. A motorista do ve\u00edculo quando viu [&hellip;]<\/p>\n","protected":false},"author":4,"featured_media":17975,"comment_status":"closed","ping_status":"closed","sticky":false,"template":"","format":"standard","meta":{"footnotes":""},"categories":[25,38],"tags":[],"class_list":["post-17974","post","type-post","status-publish","format-standard","has-post-thumbnail","hentry","category-costa-rica","category-policia"],"_links":{"self":[{"href":"https:\/\/www.ocorreionews.com.br\/acervo-correio\/index.php?rest_route=\/wp\/v2\/posts\/17974","targetHints":{"allow":["GET"]}}],"collection":[{"href":"https:\/\/www.ocorreionews.com.br\/acervo-correio\/index.php?rest_route=\/wp\/v2\/posts"}],"about":[{"href":"https:\/\/www.ocorreionews.com.br\/acervo-correio\/index.php?rest_route=\/wp\/v2\/types\/post"}],"author":[{"embeddable":true,"href":"https:\/\/www.ocorreionews.com.br\/acervo-correio\/index.php?rest_route=\/wp\/v2\/users\/4"}],"replies":[{"embeddable":true,"href":"https:\/\/www.ocorreionews.com.br\/acervo-correio\/index.php?rest_route=%2Fwp%2Fv2%2Fcomments&post=17974"}],"version-history":[{"count":0,"href":"https:\/\/www.ocorreionews.com.br\/acervo-correio\/index.php?rest_route=\/wp\/v2\/posts\/17974\/revisions"}],"wp:featuredmedia":[{"embeddable":true,"href":"https:\/\/www.ocorreionews.com.br\/acervo-correio\/index.php?rest_route=\/wp\/v2\/media\/17975"}],"wp:attachment":[{"href":"https:\/\/www.ocorreionews.com.br\/acervo-correio\/index.php?rest_route=%2Fwp%2Fv2%2Fmedia&parent=17974"}],"wp:term":[{"taxonomy":"category","embeddable":true,"href":"https:\/\/www.ocorreionews.com.br\/acervo-correio\/index.php?rest_route=%2Fwp%2Fv2%2Fcategories&post=17974"},{"taxonomy":"post_tag","embeddable":true,"href":"https:\/\/www.ocorreionews.com.br\/acervo-correio\/index.php?rest_route=%2Fwp%2Fv2%2Ftags&post=17974"}],"curies":[{"name":"wp","href":"https:\/\/api.w.org\/{rel}","templated":true}]}}